{"id":1197,"date":"2020-02-06T17:30:25","date_gmt":"2020-02-06T17:30:25","guid":{"rendered":"https:\/\/extremaduracitopic.com\/?p=1197"},"modified":"2020-02-12T08:17:12","modified_gmt":"2020-02-12T08:17:12","slug":"jornadas-bim-aplicado-a-la-contratacion-de-obras-publicas","status":"publish","type":"post","link":"https:\/\/extremaduracitopic.com\/?p=1197","title":{"rendered":"JORNADAS BIM APLICADO A LA CONTRATACI\u00d3N DE OBRAS P\u00daBLICAS"},"content":{"rendered":"\n<div class=\"wp-block-image\"><figure class=\"aligncenter size-large\"><img decoding=\"async\" loading=\"lazy\" width=\"856\" height=\"660\" src=\"https:\/\/extremaduracitopic.com\/wp-content\/uploads\/2020\/02\/JornadaBIMv2.jpg\" alt=\"\" class=\"wp-image-1212\" srcset=\"https:\/\/extremaduracitopic.com\/wp-content\/uploads\/2020\/02\/JornadaBIMv2.jpg 856w, https:\/\/extremaduracitopic.com\/wp-content\/uploads\/2020\/02\/JornadaBIMv2-300x231.jpg 300w, https:\/\/extremaduracitopic.com\/wp-content\/uploads\/2020\/02\/JornadaBIMv2-768x592.jpg 768w\" sizes=\"(max-width: 856px) 100vw, 856px\" \/><\/figure><\/div>\n\n\n\n<p> \u00abBIM APLICADO A LA CONTRATACI\u00d3N DE OBRAS P\u00daBLICAS: FUNDAMENTOS PARA PREPARAR UN PLIEGO Y LICITAR CON METODOLOG\u00edA BIM\u00bb <\/p>\n\n\n\n<p>El d\u00eda 14 de febrero, vamos a celebrar unas Jornadas BIM de bastante inter\u00e9s para nuestros colegiados!<\/p>\n\n\n\n<p>Lugar: Sal\u00f3n de Actos de la Escuela Polit\u00e9cnica de C\u00e1ceres<\/p>\n\n\n\n<p>Programaci\u00f3n de Ma\u00f1ana<\/p>\n\n\n\n<ul><li>9:30 &#8211; 10:00 &#8211; Mesa Inagural.<\/li><li>10:00 &#8211; 12:30 &#8211; Presentaci\u00f3n Gu\u00eda de apoyo a la Licitaci\u00f3n P\u00fablica.<\/li><li>12:30 &#8211; 13:30 &#8211; Caso de aplicaci\u00f3n pr\u00e1ctica.<\/li><li>13:30  &#8211; 13:45 &#8211; Ruegos y preguntas<\/li><\/ul>\n\n\n\n<p>Programaci\u00f3n de Tarde<\/p>\n\n\n\n<ul><li>16:00 &#8211; 19:00 &#8211; Casos de aplicaci\u00f3n pr\u00e1ctica<\/li><li>19:00 &#8211; 19:15 &#8211; Ruegos y preguntas<\/li><\/ul>\n\n\n\n<p>Inscr\u00edbete: \u00abSelecciona Zona C\u00e1ceres\u00bb y elige la acci\u00f3n formativa<\/p>\n\n\n\n<p><a rel=\"noreferrer noopener\" aria-label=\"Jornada Ma\u00f1ana (opens in a new tab)\" href=\"https:\/\/universidadcorporativacitop.es\/producto\/fundamentos-para-preparar-un-pliego-con-metodologia-bim\/\" target=\"_blank\">JORNADA DE MA\u00d1ANA<\/a>: PREPARAR UN PLIEGO<\/p>\n\n\n\n<p><a rel=\"noreferrer noopener\" aria-label=\"JORNADA DE TARDE (opens in a new tab)\" href=\"https:\/\/universidadcorporativacitop.es\/producto\/fundamentos-para-licitar-un-contrato-con-metodologia-bim\/\" target=\"_blank\">JORNADA DE TARDE<\/a>: LICITAR UN CONTRATO<\/p>\n\n\n\n<div class=\"wp-block-file\"><a href=\"https:\/\/extremaduracitopic.com\/wp-content\/uploads\/2020\/02\/EXTREMADURA.pdf\">Programa Extremadura<\/a><a href=\"https:\/\/extremaduracitopic.com\/wp-content\/uploads\/2020\/02\/EXTREMADURA.pdf\" class=\"wp-block-file__button\" download>Descarga<\/a><\/div>\n\n\n\n<div class=\"wp-block-image\"><figure class=\"aligncenter size-large\"><img decoding=\"async\" loading=\"lazy\" width=\"1024\" height=\"791\" src=\"https:\/\/extremaduracitopic.com\/wp-content\/uploads\/2020\/02\/3-1024x791.png\" alt=\"\" class=\"wp-image-1201\" srcset=\"https:\/\/extremaduracitopic.com\/wp-content\/uploads\/2020\/02\/3-1024x791.png 1024w, https:\/\/extremaduracitopic.com\/wp-content\/uploads\/2020\/02\/3-300x232.png 300w, https:\/\/extremaduracitopic.com\/wp-content\/uploads\/2020\/02\/3-768x593.png 768w, https:\/\/extremaduracitopic.com\/wp-content\/uploads\/2020\/02\/3-1536x1187.png 1536w, https:\/\/extremaduracitopic.com\/wp-content\/uploads\/2020\/02\/3.png 2000w\" sizes=\"(max-width: 1024px) 100vw, 1024px\" \/><\/figure><\/div>\n","protected":false},"excerpt":{"rendered":"<p>\u00abBIM APLICADO A LA CONTRATACI\u00d3N DE OBRAS P\u00daBLICAS: FUNDAMENTOS PARA PREPARAR UN PLIEGO Y LICITAR CON METODOLOG\u00edA BIM\u00bb El d\u00eda 14 de febrero, vamos a celebrar unas Jornadas BIM de bastante inter\u00e9s para nuestros colegiados! Lugar: Sal\u00f3n de Actos de la Escuela Polit\u00e9cnica de C\u00e1ceres Programaci\u00f3n de Ma\u00f1ana 9:30 &#8211; 10:00 &#8211; Mesa Inagural. 10:00 [&hellip;]<\/p>\n","protected":false},"author":2,"featured_media":1203,"comment_status":"open","ping_status":"open","sticky":false,"template":"","format":"standard","meta":{"jetpack_post_was_ever_published":false,"jetpack_publicize_message":"","jetpack_is_tweetstorm":false,"jetpack_publicize_feature_enabled":true,"jetpack_social_post_already_shared":true,"jetpack_social_options":{"image_generator_settings":{"template":"highway","enabled":false}}},"categories":[6,3],"tags":[64,50,63,36],"jetpack_publicize_connections":[],"jetpack_featured_media_url":"https:\/\/extremaduracitopic.com\/wp-content\/uploads\/2020\/02\/Jornada-BIM.png","jetpack_sharing_enabled":true,"jetpack_shortlink":"https:\/\/wp.me\/p9MqsF-jj","_links":{"self":[{"href":"https:\/\/extremaduracitopic.com\/index.php?rest_route=\/wp\/v2\/posts\/1197"}],"collection":[{"href":"https:\/\/extremaduracitopic.com\/index.php?rest_route=\/wp\/v2\/posts"}],"about":[{"href":"https:\/\/extremaduracitopic.com\/index.php?rest_route=\/wp\/v2\/types\/post"}],"author":[{"embeddable":true,"href":"https:\/\/extremaduracitopic.com\/index.php?rest_route=\/wp\/v2\/users\/2"}],"replies":[{"embeddable":true,"href":"https:\/\/extremaduracitopic.com\/index.php?rest_route=%2Fwp%2Fv2%2Fcomments&post=1197"}],"version-history":[{"count":7,"href":"https:\/\/extremaduracitopic.com\/index.php?rest_route=\/wp\/v2\/posts\/1197\/revisions"}],"predecessor-version":[{"id":1214,"href":"https:\/\/extremaduracitopic.com\/index.php?rest_route=\/wp\/v2\/posts\/1197\/revisions\/1214"}],"wp:featuredmedia":[{"embeddable":true,"href":"https:\/\/extremaduracitopic.com\/index.php?rest_route=\/wp\/v2\/media\/1203"}],"wp:attachment":[{"href":"https:\/\/extremaduracitopic.com\/index.php?rest_route=%2Fwp%2Fv2%2Fmedia&parent=1197"}],"wp:term":[{"taxonomy":"category","embeddable":true,"href":"https:\/\/extremaduracitopic.com\/index.php?rest_route=%2Fwp%2Fv2%2Fcategories&post=1197"},{"taxonomy":"post_tag","embeddable":true,"href":"https:\/\/extremaduracitopic.com\/index.php?rest_route=%2Fwp%2Fv2%2Ftags&post=1197"}],"curies":[{"name":"wp","href":"https:\/\/api.w.org\/{rel}","templated":true}]}}