{"id":1389,"date":"2020-06-04T17:37:04","date_gmt":"2020-06-04T17:37:04","guid":{"rendered":"https:\/\/extremaduracitopic.com\/?p=1389"},"modified":"2020-06-04T17:37:06","modified_gmt":"2020-06-04T17:37:06","slug":"todos-con-las-victimas","status":"publish","type":"post","link":"https:\/\/extremaduracitopic.com\/?p=1389","title":{"rendered":"TODOS CON LAS VICTIMAS"},"content":{"rendered":"\n<figure class=\"wp-block-image size-large\"><img decoding=\"async\" loading=\"lazy\" width=\"1024\" height=\"461\" src=\"https:\/\/extremaduracitopic.com\/wp-content\/uploads\/2020\/06\/CITOP_CON_LAS_VICTIMAS-1024x461.png\" alt=\"\" class=\"wp-image-1390\" srcset=\"https:\/\/extremaduracitopic.com\/wp-content\/uploads\/2020\/06\/CITOP_CON_LAS_VICTIMAS-1024x461.png 1024w, https:\/\/extremaduracitopic.com\/wp-content\/uploads\/2020\/06\/CITOP_CON_LAS_VICTIMAS-300x135.png 300w, https:\/\/extremaduracitopic.com\/wp-content\/uploads\/2020\/06\/CITOP_CON_LAS_VICTIMAS-768x346.png 768w, https:\/\/extremaduracitopic.com\/wp-content\/uploads\/2020\/06\/CITOP_CON_LAS_VICTIMAS.png 1110w\" sizes=\"(max-width: 1024px) 100vw, 1024px\" \/><\/figure>\n\n\n\n<p>El Colegio de Ingenieros T\u00e9cnicos de Obras P\u00fablicas de la zona Extremadura se ha sumado, durante estos diez d\u00edas, al luto oficial decretado por el Gobierno y en homenaje a los fallecidos por COVID.<\/p>\n\n\n\n<div class=\"wp-block-file\"><a href=\"https:\/\/extremaduracitopic.com\/wp-content\/uploads\/2020\/06\/TODOS_CON_LAS_VICTIMAS.pdf\">Aqu\u00ed podr\u00e1s descargar la carta de condolencias enviada por nuestro decano.<\/a><a href=\"https:\/\/extremaduracitopic.com\/wp-content\/uploads\/2020\/06\/TODOS_CON_LAS_VICTIMAS.pdf\" class=\"wp-block-file__button\" download>DESCARGA<\/a><\/div>\n","protected":false},"excerpt":{"rendered":"<p>El Colegio de Ingenieros T\u00e9cnicos de Obras P\u00fablicas de la zona Extremadura se ha sumado, durante estos diez d\u00edas, al luto oficial decretado por el Gobierno y en homenaje a los fallecidos por COVID.<\/p>\n","protected":false},"author":439,"featured_media":0,"comment_status":"open","ping_status":"open","sticky":false,"template":"","format":"standard","meta":{"jetpack_post_was_ever_published":false,"jetpack_publicize_message":"","jetpack_is_tweetstorm":false,"jetpack_publicize_feature_enabled":true,"jetpack_social_post_already_shared":true,"jetpack_social_options":{"image_generator_settings":{"template":"highway","enabled":false}}},"categories":[77,3],"tags":[74,22],"jetpack_publicize_connections":[],"jetpack_featured_media_url":"","jetpack_sharing_enabled":true,"jetpack_shortlink":"https:\/\/wp.me\/p9MqsF-mp","_links":{"self":[{"href":"https:\/\/extremaduracitopic.com\/index.php?rest_route=\/wp\/v2\/posts\/1389"}],"collection":[{"href":"https:\/\/extremaduracitopic.com\/index.php?rest_route=\/wp\/v2\/posts"}],"about":[{"href":"https:\/\/extremaduracitopic.com\/index.php?rest_route=\/wp\/v2\/types\/post"}],"author":[{"embeddable":true,"href":"https:\/\/extremaduracitopic.com\/index.php?rest_route=\/wp\/v2\/users\/439"}],"replies":[{"embeddable":true,"href":"https:\/\/extremaduracitopic.com\/index.php?rest_route=%2Fwp%2Fv2%2Fcomments&post=1389"}],"version-history":[{"count":1,"href":"https:\/\/extremaduracitopic.com\/index.php?rest_route=\/wp\/v2\/posts\/1389\/revisions"}],"predecessor-version":[{"id":1392,"href":"https:\/\/extremaduracitopic.com\/index.php?rest_route=\/wp\/v2\/posts\/1389\/revisions\/1392"}],"wp:attachment":[{"href":"https:\/\/extremaduracitopic.com\/index.php?rest_route=%2Fwp%2Fv2%2Fmedia&parent=1389"}],"wp:term":[{"taxonomy":"category","embeddable":true,"href":"https:\/\/extremaduracitopic.com\/index.php?rest_route=%2Fwp%2Fv2%2Fcategories&post=1389"},{"taxonomy":"post_tag","embeddable":true,"href":"https:\/\/extremaduracitopic.com\/index.php?rest_route=%2Fwp%2Fv2%2Ftags&post=1389"}],"curies":[{"name":"wp","href":"https:\/\/api.w.org\/{rel}","templated":true}]}}