{"id":1983,"date":"2022-01-13T16:53:29","date_gmt":"2022-01-13T16:53:29","guid":{"rendered":"https:\/\/extremaduracitopic.com\/?p=1983"},"modified":"2022-07-20T08:44:01","modified_gmt":"2022-07-20T08:44:01","slug":"convenio-de-colaboracion-con-universidad-isabel-i","status":"publish","type":"post","link":"https:\/\/extremaduracitopic.com\/?p=1983","title":{"rendered":"CONVENIO DE COLABORACI\u00d3N: CITOP EXTREMADURA &#8211; UNIVERSIDAD ISABEL I"},"content":{"rendered":"\n<figure class=\"wp-block-image size-large\"><img decoding=\"async\" loading=\"lazy\" width=\"1024\" height=\"461\" src=\"https:\/\/extremaduracitopic.com\/wp-content\/uploads\/2022\/07\/DESCUENTO-20-1024x461.png\" alt=\"\" class=\"wp-image-2229\" srcset=\"https:\/\/extremaduracitopic.com\/wp-content\/uploads\/2022\/07\/DESCUENTO-20-1024x461.png 1024w, https:\/\/extremaduracitopic.com\/wp-content\/uploads\/2022\/07\/DESCUENTO-20-300x135.png 300w, https:\/\/extremaduracitopic.com\/wp-content\/uploads\/2022\/07\/DESCUENTO-20-768x346.png 768w, https:\/\/extremaduracitopic.com\/wp-content\/uploads\/2022\/07\/DESCUENTO-20.png 1110w\" sizes=\"(max-width: 1024px) 100vw, 1024px\" \/><\/figure>\n\n\n\n<p>La zona de Extremadura del <strong>Colegio de Ingenieros T\u00e9cnicos de Obras P\u00fablicas<\/strong>, ha firmado un <strong>convenio<\/strong> marco de colaboraci\u00f3n con la <strong>Universidad Isabel I <\/strong>. En el citado convenio, se establecen l\u00edneas generales de cooperaci\u00f3n entre las respectivas instituciones, estableciendo cauces para la realizaci\u00f3n en com\u00fan de actividades de formaci\u00f3n, investigaci\u00f3n y transferencia del conocimiento.<\/p>\n\n\n\n<p>La Universidad Isabel I, ofrecer\u00e1 <strong>condiciones ventajosas<\/strong> a todas aquellas personas que acrediten ser <strong>Colegiados del CITOP Extremadura o familiares de primer grado<\/strong> de ellos, y se matriculen en estudios de Grado, M\u00e1ster, T\u00edtulo Propio o Ciclos Formativos de Grado Superior online, consistentes en un <strong>20% de descuento<\/strong> que ser\u00e1 compatible con un 5% adicional por pronto pago.<\/p>\n\n\n\n<p> La oferta acad\u00e9mica oficial a la que aplican estas condiciones es:<\/p>\n\n\n\n<p><strong>GRADOS OFICIALES <\/strong><\/p>\n\n\n\n<p>&#8211; Grado en Administraci\u00f3n y direcci\u00f3n de Empresas (ADE) <\/p>\n\n\n\n<p>&#8211; Grado en Derecho<\/p>\n\n\n\n<p> &#8211; Grado en Ingenier\u00eda Inform\u00e1tica<\/p>\n\n\n\n<p> &#8211; Grado en Ciencias de la Seguridad <\/p>\n\n\n\n<p>&#8211; Grado en Criminolog\u00eda <\/p>\n\n\n\n<p>&#8211; Grado en Historia y Geograf\u00eda<\/p>\n\n\n\n<p> &#8211; Grado en Periodismo<\/p>\n\n\n\n<p> &#8211; Grado en Psicolog\u00eda<\/p>\n\n\n\n<p> &#8211; Grado en Educaci\u00f3n Primaria<\/p>\n\n\n\n<p> &#8211; Grado en Educaci\u00f3n Infantil <\/p>\n\n\n\n<p>&#8211; Grado en Nutrici\u00f3n Humana y Diet\u00e9tica<\/p>\n\n\n\n<p>  <strong>M\u00c1STERES OFICIALES<\/strong> <\/p>\n\n\n\n<p>&#8211; M\u00e1ster en Direcci\u00f3n de Recursos Humanos<\/p>\n\n\n\n<p> &#8211; M\u00e1ster en Direcci\u00f3n y Gesti\u00f3n de Proyectos <\/p>\n\n\n\n<p>&#8211; M\u00e1ster en Ejercicio de la Abogac\u00eda<\/p>\n\n\n\n<p> &#8211; M\u00e1ster en Marketing Digital<\/p>\n\n\n\n<p> &#8211; M\u00e1ster en Prevenci\u00f3n de Riesgos Laborales <\/p>\n\n\n\n<p>&#8211; M\u00e1ster en An\u00e1lisis Inteligente de Datos Masivos (Big DATA) <\/p>\n\n\n\n<p>&#8211; M\u00e1ster en Ciberseguridad<\/p>\n\n\n\n<p> &#8211; M\u00e1ster en Tecnolog\u00edas M\u00f3viles<\/p>\n\n\n\n<p> &#8211; M\u00e1ster en Dise\u00f1o Tecnopedag\u00f3gico <\/p>\n\n\n\n<p>&#8211; M\u00e1ster en Divulgaci\u00f3n Cient\u00edfica<\/p>\n\n\n\n<p> &#8211; M\u00e1ster en Ense\u00f1anza de Espa\u00f1ol como Lengua Extranjera (ELE) <\/p>\n\n\n\n<p>&#8211; M\u00e1ster en Neurociencia y Educaci\u00f3n <\/p>\n\n\n\n<p>&#8211; M\u00e1ster en Tecnolog\u00eda Educativa y Competencia Digital Docente<\/p>\n\n\n\n<p> &#8211; M\u00e1ster en Nutrici\u00f3n y Diet\u00e9tica para la Pr\u00e1ctica Deportiva<\/p>\n\n\n\n<p> &#8211; M\u00e1ster en Psicolog\u00eda Forense <\/p>\n\n\n\n<p>&#8211; M\u00e1ster en Seguridad, Defensa y Liderazgo <\/p>\n\n\n\n<p>&#8211; M\u00e1ster en Asesor\u00eda Jur\u00eddica de Empresas <\/p>\n\n\n\n<p><strong>FORMACI\u00d3N PROFESIONAL DE GRADO SUPERIOR ONLINE <\/strong><\/p>\n\n\n\n<p>&#8211; T\u00e9cnico Superior en Administraci\u00f3n y Finanzas <\/p>\n\n\n\n<p>&#8211; T\u00e9cnico Superior en Ense\u00f1anza y Animaci\u00f3n Sociodeportiva (TEAS)<\/p>\n\n\n\n<p> &#8211; T\u00e9cnico Superior en Educaci\u00f3n Infantil <\/p>\n\n\n\n<p>Adem\u00e1s de todos los T\u00cdTULOS PROPIOS que imparte la Universidad. <\/p>\n\n\n\n<p><a href=\"https:\/\/landings.ui1.es\/grados-masteres\/?utm_source=citop&amp;utm_medium=web&amp;utm_campaign=entidades\">https:\/\/landings.ui1.es\/grados-masteres\/?utm_source=citop&amp;utm_medium=web&amp;utm_campaign=entidades<\/a><\/p>\n","protected":false},"excerpt":{"rendered":"<p>La zona de Extremadura del Colegio de Ingenieros T\u00e9cnicos de Obras P\u00fablicas, ha firmado un convenio marco de colaboraci\u00f3n con la Universidad Isabel I . En el citado convenio, se establecen l\u00edneas generales de cooperaci\u00f3n entre las respectivas instituciones, estableciendo cauces para la realizaci\u00f3n en com\u00fan de actividades de formaci\u00f3n, investigaci\u00f3n y transferencia del conocimiento. [&hellip;]<\/p>\n","protected":false},"author":439,"featured_media":0,"comment_status":"open","ping_status":"open","sticky":false,"template":"","format":"standard","meta":{"jetpack_post_was_ever_published":false,"jetpack_publicize_message":"","jetpack_is_tweetstorm":false,"jetpack_publicize_feature_enabled":true,"jetpack_social_post_already_shared":true,"jetpack_social_options":{"image_generator_settings":{"template":"highway","enabled":false}}},"categories":[60,81,4],"tags":[50,61,125],"jetpack_publicize_connections":[],"jetpack_featured_media_url":"","jetpack_sharing_enabled":true,"jetpack_shortlink":"https:\/\/wp.me\/p9MqsF-vZ","_links":{"self":[{"href":"https:\/\/extremaduracitopic.com\/index.php?rest_route=\/wp\/v2\/posts\/1983"}],"collection":[{"href":"https:\/\/extremaduracitopic.com\/index.php?rest_route=\/wp\/v2\/posts"}],"about":[{"href":"https:\/\/extremaduracitopic.com\/index.php?rest_route=\/wp\/v2\/types\/post"}],"author":[{"embeddable":true,"href":"https:\/\/extremaduracitopic.com\/index.php?rest_route=\/wp\/v2\/users\/439"}],"replies":[{"embeddable":true,"href":"https:\/\/extremaduracitopic.com\/index.php?rest_route=%2Fwp%2Fv2%2Fcomments&post=1983"}],"version-history":[{"count":5,"href":"https:\/\/extremaduracitopic.com\/index.php?rest_route=\/wp\/v2\/posts\/1983\/revisions"}],"predecessor-version":[{"id":2231,"href":"https:\/\/extremaduracitopic.com\/index.php?rest_route=\/wp\/v2\/posts\/1983\/revisions\/2231"}],"wp:attachment":[{"href":"https:\/\/extremaduracitopic.com\/index.php?rest_route=%2Fwp%2Fv2%2Fmedia&parent=1983"}],"wp:term":[{"taxonomy":"category","embeddable":true,"href":"https:\/\/extremaduracitopic.com\/index.php?rest_route=%2Fwp%2Fv2%2Fcategories&post=1983"},{"taxonomy":"post_tag","embeddable":true,"href":"https:\/\/extremaduracitopic.com\/index.php?rest_route=%2Fwp%2Fv2%2Ftags&post=1983"}],"curies":[{"name":"wp","href":"https:\/\/api.w.org\/{rel}","templated":true}]}}