{"id":2141,"date":"2022-05-09T07:57:42","date_gmt":"2022-05-09T07:57:42","guid":{"rendered":"https:\/\/extremaduracitopic.com\/?p=2141"},"modified":"2022-05-25T14:58:56","modified_gmt":"2022-05-25T14:58:56","slug":"xvi-concurso-de-albanileria-caceres-patrimonio-de-la-humanidad-fecons","status":"publish","type":"post","link":"https:\/\/extremaduracitopic.com\/?p=2141","title":{"rendered":"XVI Concurso de Alba\u00f1iler\u00eda C\u00e1ceres Patrimonio de la Humanidad (FECONS)."},"content":{"rendered":"\n<figure class=\"wp-block-image size-large\"><img decoding=\"async\" loading=\"lazy\" width=\"1024\" height=\"704\" src=\"https:\/\/extremaduracitopic.com\/wp-content\/uploads\/2022\/05\/Cartel-CONCURSO-ALBA\u00d1ILER\u00cdA-FECONS-2022-OK_page-0001-1024x704.jpg\" alt=\"\" class=\"wp-image-2142\" srcset=\"https:\/\/extremaduracitopic.com\/wp-content\/uploads\/2022\/05\/Cartel-CONCURSO-ALBA\u00d1ILER\u00cdA-FECONS-2022-OK_page-0001-1024x704.jpg 1024w, https:\/\/extremaduracitopic.com\/wp-content\/uploads\/2022\/05\/Cartel-CONCURSO-ALBA\u00d1ILER\u00cdA-FECONS-2022-OK_page-0001-300x206.jpg 300w, https:\/\/extremaduracitopic.com\/wp-content\/uploads\/2022\/05\/Cartel-CONCURSO-ALBA\u00d1ILER\u00cdA-FECONS-2022-OK_page-0001-768x528.jpg 768w, https:\/\/extremaduracitopic.com\/wp-content\/uploads\/2022\/05\/Cartel-CONCURSO-ALBA\u00d1ILER\u00cdA-FECONS-2022-OK_page-0001-1536x1056.jpg 1536w, https:\/\/extremaduracitopic.com\/wp-content\/uploads\/2022\/05\/Cartel-CONCURSO-ALBA\u00d1ILER\u00cdA-FECONS-2022-OK_page-0001-2048x1408.jpg 2048w\" sizes=\"(max-width: 1024px) 100vw, 1024px\" \/><\/figure>\n\n\n\n<p>La Federaci\u00f3n de Empresarios de la Construcci\u00f3n (Fecons), ha organizado para el pr\u00f3ximo<strong> 21 de mayo de 2022 <\/strong>su tradicional <strong>Concurso de Alba\u00f1iler\u00eda<\/strong>, que este a\u00f1o, en su  XVI edici\u00f3n, se desarrollar\u00e1 a partir de las 9:00h, en la Avenida de Espa\u00f1a (impares) de C\u00e1ceres.<\/p>\n\n\n\n<p>El tradicional concurso, contar\u00e1 este a\u00f1o con la participaci\u00f3n de 17 cuadrillas que intentar\u00e1n realizar en un tiempo total de cuatro horas, una edificaci\u00f3n caracter\u00edstica del patrimonio arquitect\u00f3nico de C\u00e1ceres, proyecto que no se conocer\u00e1 hasta minutos antes de comenzar el certamen.<\/p>\n\n\n\n<p>Como viene siendo habitual en este tradicional concurso, nuestro colegio colabora con la entrega del tercer premio, que este a\u00f1o se har\u00e1 a manos de nuestra vicepresidenta 1\u00aa,  Mar\u00eda Jes\u00fas Bravo G\u00f3mez.<\/p>\n\n\n\n<p><strong>GANADORES :<\/strong><\/p>\n\n\n\n<p><strong>Ra\u00fal y Lucio Jim\u00e9nez, de la empresa Jimengar de Riolobos,<\/strong>\u00a0se hicieron el s\u00e1bado 21 con el primer premio del concurso de alba\u00f1iler\u00eda .<\/p>\n\n\n\n<p>A continuaci\u00f3n os dejamos algunas fotos de la entrega del tercer premio, que se hizo a cargo de nuestra vicepresidenta 1\u00ba, M\u00aa Jes\u00fas Bravo G\u00f3mez.<\/p>\n\n\n\n<figure class=\"wp-block-image size-medium is-style-circle-mask\"><img decoding=\"async\" loading=\"lazy\" width=\"300\" height=\"199\" src=\"https:\/\/extremaduracitopic.com\/wp-content\/uploads\/2022\/05\/02-300x199.jpg\" alt=\"\" class=\"wp-image-2182\" srcset=\"https:\/\/extremaduracitopic.com\/wp-content\/uploads\/2022\/05\/02-300x199.jpg 300w, https:\/\/extremaduracitopic.com\/wp-content\/uploads\/2022\/05\/02-1024x680.jpg 1024w, https:\/\/extremaduracitopic.com\/wp-content\/uploads\/2022\/05\/02-768x510.jpg 768w, https:\/\/extremaduracitopic.com\/wp-content\/uploads\/2022\/05\/02-1536x1020.jpg 1536w, https:\/\/extremaduracitopic.com\/wp-content\/uploads\/2022\/05\/02-2048x1360.jpg 2048w\" sizes=\"(max-width: 300px) 100vw, 300px\" \/><\/figure>\n\n\n\n<figure class=\"wp-block-image size-large is-style-circle-mask\"><img decoding=\"async\" loading=\"lazy\" width=\"1024\" height=\"680\" src=\"https:\/\/extremaduracitopic.com\/wp-content\/uploads\/2022\/05\/05-1024x680.jpg\" alt=\"\" class=\"wp-image-2183\" srcset=\"https:\/\/extremaduracitopic.com\/wp-content\/uploads\/2022\/05\/05-1024x680.jpg 1024w, https:\/\/extremaduracitopic.com\/wp-content\/uploads\/2022\/05\/05-300x199.jpg 300w, https:\/\/extremaduracitopic.com\/wp-content\/uploads\/2022\/05\/05-768x510.jpg 768w, https:\/\/extremaduracitopic.com\/wp-content\/uploads\/2022\/05\/05-1536x1020.jpg 1536w, https:\/\/extremaduracitopic.com\/wp-content\/uploads\/2022\/05\/05-2048x1360.jpg 2048w\" sizes=\"(max-width: 1024px) 100vw, 1024px\" \/><\/figure>\n","protected":false},"excerpt":{"rendered":"<p>La Federaci\u00f3n de Empresarios de la Construcci\u00f3n (Fecons), ha organizado para el pr\u00f3ximo 21 de mayo de 2022 su tradicional Concurso de Alba\u00f1iler\u00eda, que este a\u00f1o, en su XVI edici\u00f3n, se desarrollar\u00e1 a partir de las 9:00h, en la Avenida de Espa\u00f1a (impares) de C\u00e1ceres. El tradicional concurso, contar\u00e1 este a\u00f1o con la participaci\u00f3n de [&hellip;]<\/p>\n","protected":false},"author":439,"featured_media":0,"comment_status":"open","ping_status":"open","sticky":false,"template":"","format":"standard","meta":{"jetpack_post_was_ever_published":false,"jetpack_publicize_message":"","jetpack_is_tweetstorm":false,"jetpack_publicize_feature_enabled":true,"jetpack_social_post_already_shared":true,"jetpack_social_options":{"image_generator_settings":{"template":"highway","enabled":false}}},"categories":[4,3],"tags":[142,35,141],"jetpack_publicize_connections":[],"jetpack_featured_media_url":"","jetpack_sharing_enabled":true,"jetpack_shortlink":"https:\/\/wp.me\/p9MqsF-yx","_links":{"self":[{"href":"https:\/\/extremaduracitopic.com\/index.php?rest_route=\/wp\/v2\/posts\/2141"}],"collection":[{"href":"https:\/\/extremaduracitopic.com\/index.php?rest_route=\/wp\/v2\/posts"}],"about":[{"href":"https:\/\/extremaduracitopic.com\/index.php?rest_route=\/wp\/v2\/types\/post"}],"author":[{"embeddable":true,"href":"https:\/\/extremaduracitopic.com\/index.php?rest_route=\/wp\/v2\/users\/439"}],"replies":[{"embeddable":true,"href":"https:\/\/extremaduracitopic.com\/index.php?rest_route=%2Fwp%2Fv2%2Fcomments&post=2141"}],"version-history":[{"count":3,"href":"https:\/\/extremaduracitopic.com\/index.php?rest_route=\/wp\/v2\/posts\/2141\/revisions"}],"predecessor-version":[{"id":2184,"href":"https:\/\/extremaduracitopic.com\/index.php?rest_route=\/wp\/v2\/posts\/2141\/revisions\/2184"}],"wp:attachment":[{"href":"https:\/\/extremaduracitopic.com\/index.php?rest_route=%2Fwp%2Fv2%2Fmedia&parent=2141"}],"wp:term":[{"taxonomy":"category","embeddable":true,"href":"https:\/\/extremaduracitopic.com\/index.php?rest_route=%2Fwp%2Fv2%2Fcategories&post=2141"},{"taxonomy":"post_tag","embeddable":true,"href":"https:\/\/extremaduracitopic.com\/index.php?rest_route=%2Fwp%2Fv2%2Ftags&post=2141"}],"curies":[{"name":"wp","href":"https:\/\/api.w.org\/{rel}","templated":true}]}}