{"id":2396,"date":"2023-03-15T11:02:38","date_gmt":"2023-03-15T11:02:38","guid":{"rendered":"https:\/\/extremaduracitopic.com\/?p=2396"},"modified":"2023-05-29T08:16:07","modified_gmt":"2023-05-29T08:16:07","slug":"jornada-formativa-chg","status":"publish","type":"post","link":"https:\/\/extremaduracitopic.com\/?p=2396","title":{"rendered":"JORNADA FORMATIVA. CONFEDERACI\u00d3N HIDROGR\u00c1FICA DEL GUADIANA (CHG)"},"content":{"rendered":"\n\n\n<figure class=\"wp-block-image size-large\"><img decoding=\"async\" loading=\"lazy\" width=\"1024\" height=\"461\" src=\"https:\/\/extremaduracitopic.com\/wp-content\/uploads\/2023\/05\/JORNADA-FORMATIVA-CHG-AFORO-COMPLETO-1024x461.png\" alt=\"\" class=\"wp-image-2457\" srcset=\"https:\/\/extremaduracitopic.com\/wp-content\/uploads\/2023\/05\/JORNADA-FORMATIVA-CHG-AFORO-COMPLETO-1024x461.png 1024w, https:\/\/extremaduracitopic.com\/wp-content\/uploads\/2023\/05\/JORNADA-FORMATIVA-CHG-AFORO-COMPLETO-300x135.png 300w, https:\/\/extremaduracitopic.com\/wp-content\/uploads\/2023\/05\/JORNADA-FORMATIVA-CHG-AFORO-COMPLETO-768x346.png 768w, https:\/\/extremaduracitopic.com\/wp-content\/uploads\/2023\/05\/JORNADA-FORMATIVA-CHG-AFORO-COMPLETO.png 1110w\" sizes=\"(max-width: 1024px) 100vw, 1024px\" \/><\/figure>\n\n\n<div class=\"wp-block-image\">\n<figure class=\"aligncenter size-medium\"><a href=\"https:\/\/extremaduracitopic.com\/?page_id=2489\"><img decoding=\"async\" loading=\"lazy\" width=\"300\" height=\"135\" src=\"https:\/\/extremaduracitopic.com\/wp-content\/uploads\/2023\/05\/FORMACION-300x135.png\" alt=\"\" class=\"wp-image-2503\" srcset=\"https:\/\/extremaduracitopic.com\/wp-content\/uploads\/2023\/05\/FORMACION-300x135.png 300w, https:\/\/extremaduracitopic.com\/wp-content\/uploads\/2023\/05\/FORMACION-1024x461.png 1024w, https:\/\/extremaduracitopic.com\/wp-content\/uploads\/2023\/05\/FORMACION-768x346.png 768w, https:\/\/extremaduracitopic.com\/wp-content\/uploads\/2023\/05\/FORMACION-517x235.png 517w, https:\/\/extremaduracitopic.com\/wp-content\/uploads\/2023\/05\/FORMACION.png 1110w\" sizes=\"(max-width: 300px) 100vw, 300px\" \/><\/a><\/figure><\/div>\n\n\n<p style=\"text-align: justify;\">La zona de Extremadura del Colegio de Ingenieros T\u00e9cnicos de Obras P\u00fablicas, ha programado en colaboraci\u00f3n con la\u00a0<strong>Confederaci\u00f3n Hidrogr\u00e1fica del Guadiana (CHG)<\/strong>, una\u00a0<strong>Jornada formativa<\/strong> relativa a la documentaci\u00f3n t\u00e9cnica necesaria exigible para la obtenci\u00f3n de concesiones y\/o autorizaciones administrativas sobre los distintos procedimientos de aprovechamientos de aguas, en el marco del <strong>protocolo de colaboraci\u00f3n entre el Consorcio M\u00c1SMEDIO de la Diputaci\u00f3n Provincial de C\u00e1ceres y el CITOP-Extremadura.<\/strong><\/p>\n<p style=\"text-align: justify;\">La realizaci\u00f3n de la citada jornada, viene motivada por de la reciente firma de esta corporaci\u00f3n (<em>os lo recordamos en el siguiente\u00a0<a href=\"http:\/\/acumbamail.com\/url\/ver\/389870250\/\" target=\"_blank\" rel=\"noopener\">enlace<\/a><\/em>), de un protocolo general de actuaci\u00f3n para colaborar en la asistencia t\u00e9cnica a entidades locales, en la gesti\u00f3n documental necesaria (<em>desde la elaboraci\u00f3n del proyecto y la tramitaci\u00f3n del proceso hasta finalizar la ejecuci\u00f3n del contrato<\/em>), para la obtenci\u00f3n de concesiones y\/o autorizaciones administrativas sobre aprovechamientos de aguas. La jornada est\u00e1\u00a0<strong>dirigida a todos aquellos colegiados que previamente cumplimentaron la solicitud de inscripci\u00f3n para abordar este tipo de trabajos<\/strong>\u00a0y a todos aquellos colegiados que a\u00fan no habiendo realizado la inscripci\u00f3n, est\u00e9n en disposici\u00f3n de hacerlo<\/p>\n<p>(<a href=\"http:\/\/acumbamail.com\/url\/ver\/389870251\/\" target=\"_blank\" rel=\"noopener\">SOLICITUD DE INSCRIPCION EN LA LISTA DE COLEGIADOS CON FORMACI\u00d3N EN MATERIA DE GESTI\u00d3N DOCUMENTAL PARA CONCESIONES Y\/O AUTORIZACIONES DE APROVECHAMIENTO DE AGUA<\/a>).<\/p>\n<p>Dicha jornada se realizar\u00e1 de manera presencial en horario de ma\u00f1ana el d\u00eda <strong>10 de mayo de 2023<\/strong>, en el <strong>Sal\u00f3n de Actos de las Oficinas de la Confederaci\u00f3n Hidrogr\u00e1fica del Guadiana en M\u00e9rida, sitas en Avenida Reina Sof\u00eda, n\u00ba43.<\/strong><\/p>\n<p>El programa preliminar de la jornada ser\u00eda el siguiente:<\/p>\n<ul>\n<li><strong>Recepci\u00f3n de asistentes: 8.45 h.-9.00 h.<\/strong><\/li>\n<li><strong style=\"font-size: revert; color: initial;\">Presentaci\u00f3n jornada: 9.00 h.-9.15 h.<\/strong><\/li>\n<li><strong style=\"font-size: revert; color: initial;\">Autorizaciones en zona de polic\u00eda y aprovechamiento de bienes situados en dominio p\u00fablico hidr\u00e1ulico: 9.15 h.-10.15 h.<\/strong><\/li>\n<li><strong style=\"font-size: revert; color: initial;\">C<\/strong><strong style=\"font-size: revert; color: initial;\">oncesiones y autorizaciones relativas a aprovechamientos de aguas superficiales: 10.15 h.-11.15 h.<\/strong>\n<ul>\n<li><strong style=\"font-size: revert; color: initial;\">Descanso: 11.15 h.-11.45 h.<\/strong><\/li>\n<\/ul>\n<\/li>\n<li><strong style=\"font-size: revert; color: initial;\">Concesiones y autorizaciones relativas a aprovechamientos de aguas subterr\u00e1neas: 11.45 h.-12.45 h.<\/strong><\/li>\n<li><strong style=\"font-size: revert; color: initial;\">Autorizaciones en dominio p\u00fablico hidr\u00e1ulico:\u00a0<\/strong><strong style=\"font-size: revert; color: initial;\">12.45 h.-13.45 h.<\/strong><strong style=\"font-size: revert; color: initial;\">\u00a0<\/strong><\/li>\n<li><strong>Autorizaciones de Vertido: 13.45 h.-14.45 h.<\/strong>\n<ul>\n<li><strong style=\"font-size: revert; color: initial;\">Clausura: 14.45 h.-15.00 h.<\/strong><\/li>\n<\/ul>\n<\/li>\n<\/ul>\n<p style=\"text-align: justify;\">A modo de gestionar de manera eficaz el aforo y programaci\u00f3n para la citada jornada, solicitamos que\u00a0<strong>cualquier interesado en asistir,<\/strong>\u00a0cumplimente el\u00a0<strong>formulario de inscripci\u00f3n<\/strong> adjunto.<\/p>\n<p><a href=\"https:\/\/forms.gle\/K26Nf78zKz7qsNpK6\">https:\/\/forms.gle\/K26Nf78zKz7qsNpK6<\/a><\/p>\n\n\n\n<p class=\"has-text-align-center\"><iframe loading=\"lazy\" src=\"https:\/\/docs.google.com\/forms\/d\/e\/1FAIpQLSfi_GJTQ1Vn8Z6eixuQcE4N1r1MylKeF5K4wSaFuFQtAwka1g\/viewform?embedded=true\" width=\"640\" height=\"1465\" frameborder=\"0\" marginheight=\"0\" marginwidth=\"0\">Cargando\u2026<\/iframe><\/p>\n","protected":false},"excerpt":{"rendered":"<p>La zona de Extremadura del Colegio de Ingenieros T\u00e9cnicos de Obras P\u00fablicas, ha programado en colaboraci\u00f3n con la\u00a0Confederaci\u00f3n Hidrogr\u00e1fica del Guadiana (CHG), una\u00a0Jornada formativa relativa a la documentaci\u00f3n t\u00e9cnica necesaria exigible para la obtenci\u00f3n de concesiones y\/o autorizaciones administrativas sobre los distintos procedimientos de aprovechamientos de aguas, en el marco del protocolo de colaboraci\u00f3n entre [&hellip;]<\/p>\n","protected":false},"author":439,"featured_media":0,"comment_status":"open","ping_status":"open","sticky":false,"template":"","format":"standard","meta":{"jetpack_post_was_ever_published":false,"jetpack_publicize_message":"","jetpack_is_tweetstorm":false,"jetpack_publicize_feature_enabled":true,"jetpack_social_post_already_shared":true,"jetpack_social_options":{"image_generator_settings":{"template":"highway","enabled":false}}},"categories":[80,4,6],"tags":[50,79,48,43],"jetpack_publicize_connections":[],"jetpack_featured_media_url":"","jetpack_sharing_enabled":true,"jetpack_shortlink":"https:\/\/wp.me\/p9MqsF-CE","_links":{"self":[{"href":"https:\/\/extremaduracitopic.com\/index.php?rest_route=\/wp\/v2\/posts\/2396"}],"collection":[{"href":"https:\/\/extremaduracitopic.com\/index.php?rest_route=\/wp\/v2\/posts"}],"about":[{"href":"https:\/\/extremaduracitopic.com\/index.php?rest_route=\/wp\/v2\/types\/post"}],"author":[{"embeddable":true,"href":"https:\/\/extremaduracitopic.com\/index.php?rest_route=\/wp\/v2\/users\/439"}],"replies":[{"embeddable":true,"href":"https:\/\/extremaduracitopic.com\/index.php?rest_route=%2Fwp%2Fv2%2Fcomments&post=2396"}],"version-history":[{"count":7,"href":"https:\/\/extremaduracitopic.com\/index.php?rest_route=\/wp\/v2\/posts\/2396\/revisions"}],"predecessor-version":[{"id":2508,"href":"https:\/\/extremaduracitopic.com\/index.php?rest_route=\/wp\/v2\/posts\/2396\/revisions\/2508"}],"wp:attachment":[{"href":"https:\/\/extremaduracitopic.com\/index.php?rest_route=%2Fwp%2Fv2%2Fmedia&parent=2396"}],"wp:term":[{"taxonomy":"category","embeddable":true,"href":"https:\/\/extremaduracitopic.com\/index.php?rest_route=%2Fwp%2Fv2%2Fcategories&post=2396"},{"taxonomy":"post_tag","embeddable":true,"href":"https:\/\/extremaduracitopic.com\/index.php?rest_route=%2Fwp%2Fv2%2Ftags&post=2396"}],"curies":[{"name":"wp","href":"https:\/\/api.w.org\/{rel}","templated":true}]}}