{"id":2567,"date":"2023-08-11T07:12:24","date_gmt":"2023-08-11T07:12:24","guid":{"rendered":"https:\/\/extremaduracitopic.com\/?p=2567"},"modified":"2023-08-11T07:20:09","modified_gmt":"2023-08-11T07:20:09","slug":"cierre-de-la-sede-por-vacaciones","status":"publish","type":"post","link":"https:\/\/extremaduracitopic.com\/?p=2567","title":{"rendered":"CIERRE DE LA SEDE POR VACACIONES"},"content":{"rendered":"\n<p><a href=\"https:\/\/extremaduracitopic.com\/wp-content\/uploads\/2023\/08\/Vacaciones-Agosto.png\"><img decoding=\"async\" loading=\"lazy\" class=\"aligncenter wp-image-2568 size-full\" src=\"https:\/\/extremaduracitopic.com\/wp-content\/uploads\/2023\/08\/Vacaciones-Agosto.png\" alt=\"\" width=\"1110\" height=\"500\" srcset=\"https:\/\/extremaduracitopic.com\/wp-content\/uploads\/2023\/08\/Vacaciones-Agosto.png 1110w, https:\/\/extremaduracitopic.com\/wp-content\/uploads\/2023\/08\/Vacaciones-Agosto-300x135.png 300w, https:\/\/extremaduracitopic.com\/wp-content\/uploads\/2023\/08\/Vacaciones-Agosto-1024x461.png 1024w, https:\/\/extremaduracitopic.com\/wp-content\/uploads\/2023\/08\/Vacaciones-Agosto-768x346.png 768w\" sizes=\"(max-width: 1110px) 100vw, 1110px\" \/><\/a><\/p>\n<p>Desde el <strong>Lunes 14 de agosto<\/strong> hasta el <strong>Viernes 25 de agosto<\/strong>, La Oficina del Colegio de Ingenieros T\u00e9cnicos de Obras P\u00fablicas de la Zona de Extremadura permanecer\u00e1 Cerrada por Vacaciones.<\/p>\n<p><strong><span style=\"text-decoration: underline;\">Durante este per\u00edodo de vacaciones<\/span>, s\u00f3lo abriremos:<\/strong><\/p>\n<ul>\n<li>Lunes 14 de agosto por la ma\u00f1ana, en horario de 11:00 a 13:00h.<\/li>\n<li>Jueves 17 de agosto, en horario de tarde de 18:00 a 20:00h.<\/li>\n<li>Jueves 24 de agosto, en horario de tarde de 18:00 a 20:00h.<\/li>\n<\/ul>\n<p style=\"text-align: center;\">Para <span style=\"text-decoration: underline;\">emergencias<\/span>, ponemos a disposici\u00f3n el siguiente correo electr\u00f3nico:<\/p>\n<p style=\"text-align: center;\"><a href=\"mailto:matildevicentepizarro@citop.es\">matildevicentepizarro@citop.es<\/a><\/p>\n<p style=\"text-align: center;\">DISCULPEN LAS MOLESTIAS<\/p>\n","protected":false},"excerpt":{"rendered":"<p>Desde el Lunes 14 de agosto hasta el Viernes 25 de agosto, La Oficina del Colegio de Ingenieros T\u00e9cnicos de Obras P\u00fablicas de la Zona de Extremadura permanecer\u00e1 Cerrada por Vacaciones. Durante este per\u00edodo de vacaciones, s\u00f3lo abriremos: Lunes 14 de agosto por la ma\u00f1ana, en horario de 11:00 a 13:00h. Jueves 17 de agosto, [&hellip;]<\/p>\n","protected":false},"author":2,"featured_media":0,"comment_status":"open","ping_status":"open","sticky":false,"template":"","format":"standard","meta":{"jetpack_post_was_ever_published":false,"jetpack_publicize_message":"","jetpack_is_tweetstorm":false,"jetpack_publicize_feature_enabled":true,"jetpack_social_post_already_shared":true,"jetpack_social_options":{"image_generator_settings":{"template":"highway","enabled":false}}},"categories":[4,3],"tags":[50,48,68],"jetpack_publicize_connections":[],"jetpack_featured_media_url":"","jetpack_sharing_enabled":true,"jetpack_shortlink":"https:\/\/wp.me\/p9MqsF-Fp","_links":{"self":[{"href":"https:\/\/extremaduracitopic.com\/index.php?rest_route=\/wp\/v2\/posts\/2567"}],"collection":[{"href":"https:\/\/extremaduracitopic.com\/index.php?rest_route=\/wp\/v2\/posts"}],"about":[{"href":"https:\/\/extremaduracitopic.com\/index.php?rest_route=\/wp\/v2\/types\/post"}],"author":[{"embeddable":true,"href":"https:\/\/extremaduracitopic.com\/index.php?rest_route=\/wp\/v2\/users\/2"}],"replies":[{"embeddable":true,"href":"https:\/\/extremaduracitopic.com\/index.php?rest_route=%2Fwp%2Fv2%2Fcomments&post=2567"}],"version-history":[{"count":2,"href":"https:\/\/extremaduracitopic.com\/index.php?rest_route=\/wp\/v2\/posts\/2567\/revisions"}],"predecessor-version":[{"id":2571,"href":"https:\/\/extremaduracitopic.com\/index.php?rest_route=\/wp\/v2\/posts\/2567\/revisions\/2571"}],"wp:attachment":[{"href":"https:\/\/extremaduracitopic.com\/index.php?rest_route=%2Fwp%2Fv2%2Fmedia&parent=2567"}],"wp:term":[{"taxonomy":"category","embeddable":true,"href":"https:\/\/extremaduracitopic.com\/index.php?rest_route=%2Fwp%2Fv2%2Fcategories&post=2567"},{"taxonomy":"post_tag","embeddable":true,"href":"https:\/\/extremaduracitopic.com\/index.php?rest_route=%2Fwp%2Fv2%2Ftags&post=2567"}],"curies":[{"name":"wp","href":"https:\/\/api.w.org\/{rel}","templated":true}]}}