{"id":2682,"date":"2023-11-06T21:11:51","date_gmt":"2023-11-06T21:11:51","guid":{"rendered":"https:\/\/extremaduracitopic.com\/?p=2682"},"modified":"2023-11-07T12:09:34","modified_gmt":"2023-11-07T12:09:34","slug":"jornada-confederacion-hidrografica-del-tajo","status":"publish","type":"post","link":"https:\/\/extremaduracitopic.com\/?p=2682","title":{"rendered":"JORNADA CONFEDERACI\u00d3N HIDROGR\u00c1FICA DEL TAJO"},"content":{"rendered":"\n<figure class=\"wp-block-image size-large\"><img decoding=\"async\" loading=\"lazy\" width=\"1024\" height=\"461\" src=\"https:\/\/extremaduracitopic.com\/wp-content\/uploads\/2023\/11\/JORNADA-CHT-1-1024x461.png\" alt=\"\" class=\"wp-image-2686\" srcset=\"https:\/\/extremaduracitopic.com\/wp-content\/uploads\/2023\/11\/JORNADA-CHT-1-1024x461.png 1024w, https:\/\/extremaduracitopic.com\/wp-content\/uploads\/2023\/11\/JORNADA-CHT-1-300x135.png 300w, https:\/\/extremaduracitopic.com\/wp-content\/uploads\/2023\/11\/JORNADA-CHT-1-768x346.png 768w, https:\/\/extremaduracitopic.com\/wp-content\/uploads\/2023\/11\/JORNADA-CHT-1.png 1110w\" sizes=\"(max-width: 1024px) 100vw, 1024px\" \/><\/figure>\n\n\n\n<p>El pr\u00f3ximo <strong>21 de noviembre de 2023<\/strong> se celebrar\u00e1 en el <strong>Complejo Cultural de San Francisco de C\u00e1ceres<\/strong>, en la <strong>Sala Garc\u00eda Matos,<\/strong> las <strong>Jornadas Formativas de Autorizaciones Administrativas en la Legislaci\u00f3n de Aguas, <\/strong>organizadas por la Confederaci\u00f3n Hidrogr\u00e1fica del Tajo y el Colegio de Ingenieros de Obras P\u00fablicas.<\/p>\n\n\n\n<p>Colaboran la Excma. Diputaci\u00f3n Provincial de C\u00e1ceres, el \u00c1rea de Fomento, Movilidad y Agenda Provincial y el Consorcio Medioambiente y Aguas Provincia de C\u00e1ceres \u00abM\u00e1sMedio\u00bb.<\/p>\n\n\n\n<p>Pueden descargarse el programa en el siguiente enlace:<\/p>\n\n\n\n<div class=\"wp-block-buttons is-content-justification-center is-layout-flex wp-container-1\">\n<div class=\"wp-block-button\"><a class=\"wp-block-button__link has-vivid-red-background-color has-background wp-element-button\" href=\"https:\/\/extremaduracitopic.com\/wp-content\/uploads\/2023\/11\/Triptico-Jornada-CHT-v10.pdf\" target=\"_blank\" rel=\"noreferrer noopener\"><strong>Programa<\/strong><\/a><\/div>\n<\/div>\n\n\n\n<p>Inscripciones:<\/p>\n\n\n\n<iframe loading=\"lazy\" src=\"https:\/\/docs.google.com\/forms\/d\/e\/1FAIpQLSeC8MNfAuvmtBX-tyxM3UZrOBCJdrLhKV4r7TegEt9i0GL-Nw\/viewform?embedded=true\" width=\"640\" height=\"2000\" frameborder=\"0\" marginheight=\"0\" marginwidth=\"0\">Cargando\u2026<\/iframe>\n","protected":false},"excerpt":{"rendered":"<p>El pr\u00f3ximo 21 de noviembre de 2023 se celebrar\u00e1 en el Complejo Cultural de San Francisco de C\u00e1ceres, en la Sala Garc\u00eda Matos, las Jornadas Formativas de Autorizaciones Administrativas en la Legislaci\u00f3n de Aguas, organizadas por la Confederaci\u00f3n Hidrogr\u00e1fica del Tajo y el Colegio de Ingenieros de Obras P\u00fablicas. Colaboran la Excma. Diputaci\u00f3n Provincial de [&hellip;]<\/p>\n","protected":false},"author":2,"featured_media":2686,"comment_status":"closed","ping_status":"open","sticky":false,"template":"","format":"standard","meta":{"jetpack_post_was_ever_published":false,"jetpack_publicize_message":"","jetpack_is_tweetstorm":false,"jetpack_publicize_feature_enabled":true,"jetpack_social_post_already_shared":true,"jetpack_social_options":{"image_generator_settings":{"template":"highway","enabled":false}}},"categories":[1],"tags":[50,48,68],"jetpack_publicize_connections":[],"jetpack_featured_media_url":"https:\/\/extremaduracitopic.com\/wp-content\/uploads\/2023\/11\/JORNADA-CHT-1.png","jetpack_sharing_enabled":true,"jetpack_shortlink":"https:\/\/wp.me\/p9MqsF-Hg","_links":{"self":[{"href":"https:\/\/extremaduracitopic.com\/index.php?rest_route=\/wp\/v2\/posts\/2682"}],"collection":[{"href":"https:\/\/extremaduracitopic.com\/index.php?rest_route=\/wp\/v2\/posts"}],"about":[{"href":"https:\/\/extremaduracitopic.com\/index.php?rest_route=\/wp\/v2\/types\/post"}],"author":[{"embeddable":true,"href":"https:\/\/extremaduracitopic.com\/index.php?rest_route=\/wp\/v2\/users\/2"}],"replies":[{"embeddable":true,"href":"https:\/\/extremaduracitopic.com\/index.php?rest_route=%2Fwp%2Fv2%2Fcomments&post=2682"}],"version-history":[{"count":5,"href":"https:\/\/extremaduracitopic.com\/index.php?rest_route=\/wp\/v2\/posts\/2682\/revisions"}],"predecessor-version":[{"id":2701,"href":"https:\/\/extremaduracitopic.com\/index.php?rest_route=\/wp\/v2\/posts\/2682\/revisions\/2701"}],"wp:featuredmedia":[{"embeddable":true,"href":"https:\/\/extremaduracitopic.com\/index.php?rest_route=\/wp\/v2\/media\/2686"}],"wp:attachment":[{"href":"https:\/\/extremaduracitopic.com\/index.php?rest_route=%2Fwp%2Fv2%2Fmedia&parent=2682"}],"wp:term":[{"taxonomy":"category","embeddable":true,"href":"https:\/\/extremaduracitopic.com\/index.php?rest_route=%2Fwp%2Fv2%2Fcategories&post=2682"},{"taxonomy":"post_tag","embeddable":true,"href":"https:\/\/extremaduracitopic.com\/index.php?rest_route=%2Fwp%2Fv2%2Ftags&post=2682"}],"curies":[{"name":"wp","href":"https:\/\/api.w.org\/{rel}","templated":true}]}}