{"id":2863,"date":"2024-05-01T10:34:32","date_gmt":"2024-05-01T10:34:32","guid":{"rendered":"https:\/\/extremaduracitopic.com\/?p=2863"},"modified":"2024-05-01T10:34:35","modified_gmt":"2024-05-01T10:34:35","slug":"xi-jornadas-de-ingenieria-civil","status":"publish","type":"post","link":"https:\/\/extremaduracitopic.com\/?p=2863","title":{"rendered":"XI JORNADAS DE INGENIER\u00cdA CIVIL"},"content":{"rendered":"\n\n\n<figure class=\"wp-block-image size-large\"><img decoding=\"async\" loading=\"lazy\" width=\"1024\" height=\"461\" src=\"https:\/\/extremaduracitopic.com\/wp-content\/uploads\/2024\/05\/XI-JORNADAS-INGENIERIA-CIVIL-1024x461.png\" alt=\"\" class=\"wp-image-2864\" srcset=\"https:\/\/extremaduracitopic.com\/wp-content\/uploads\/2024\/05\/XI-JORNADAS-INGENIERIA-CIVIL-1024x461.png 1024w, https:\/\/extremaduracitopic.com\/wp-content\/uploads\/2024\/05\/XI-JORNADAS-INGENIERIA-CIVIL-300x135.png 300w, https:\/\/extremaduracitopic.com\/wp-content\/uploads\/2024\/05\/XI-JORNADAS-INGENIERIA-CIVIL-768x346.png 768w, https:\/\/extremaduracitopic.com\/wp-content\/uploads\/2024\/05\/XI-JORNADAS-INGENIERIA-CIVIL.png 1110w\" sizes=\"(max-width: 1024px) 100vw, 1024px\" \/><\/figure>\n\n\n\n<p class=\"has-medium-font-size\">El pr\u00f3ximo\u00a0<strong>8 de mayo<\/strong>, el Colegio de Ingenieros T\u00e9cnicos de Obras P\u00fablicas de Extremadura, organiza junto con la Escuela Polit\u00e9cnica de C\u00e1ceres, las\u00a0<strong>XI Jornadas de Ingenier\u00eda Civil<\/strong>. Este a\u00f1o tendremos el siguiente programa:<\/p>\n\n\n\n<p class=\"has-medium-font-size\"><strong>LUGAR:<\/strong> Sal\u00f3n de actos de la Escuela Polit\u00e9cnica de C\u00e1ceres<br><strong>INSCRIPCI\u00d3N:<\/strong> <a rel=\"noreferrer noopener\" href=\"https:\/\/forms.gle\/wtpaux8Zyhwpw7Ug9\" target=\"_blank\">https:\/\/forms.gle\/wtpaux8Zyhwpw7Ug9<\/a><\/p>\n\n\n\n<p class=\"has-large-font-size\"><strong>PROGRAMA<\/strong>:<\/p>\n\n\n\n<p class=\"has-medium-font-size\"><strong>9:30h &#8211; 10:30h<\/strong> <strong>Mesa redonda sobre las salidas profesionales del ingeniero\/a civil.<\/strong><\/p>\n\n\n\n<p class=\"has-medium-font-size\">PONENTES:<\/p>\n\n\n\n<ul class=\"has-medium-font-size\">\n<li><strong>Carlos L\u00f3pez<\/strong>. ITOP e ICCP, Junta de Extremadura<\/li>\n\n\n\n<li><strong>Bernardo Luengo<\/strong>. Ing. Civil, Diputaci\u00f3n de C\u00e1ceres<\/li>\n\n\n\n<li><strong>Jos\u00e9 Ignacio Sellers<\/strong>. Ing. Civil, Ministerio de Transportes y Movilidad Sostenible<\/li>\n\n\n\n<li><strong>C\u00e9sar Bl\u00e1zquez<\/strong>. Ing. Civil, GEDINE<\/li>\n\n\n\n<li><strong>David Pastor<\/strong>. Ing. Civil. Colegio de Ingenieros T\u00e9cnicos de Obras P\u00fablicas<\/li>\n<\/ul>\n\n\n\n<p class=\"has-medium-font-size\">DESCRIPCI\u00d3N: profesionales de Ingenier\u00eda Civil en diferentes \u00e1mbitos (carreteras, obras hidr\u00e1ulicas, urbanismo, administraci\u00f3n general del Estado, administraci\u00f3n local), orientar\u00e1n a los asistentes sobre las salidas profesionales relacionadas con las diferentes especialidades del Grado. Contar\u00e1n sus experiencias y su trayectoria formativa y profesional. Los alumnos de los \u00faltimos cursos de Ingenier\u00eda Civil podr\u00e1n reunirse en peque\u00f1os grupos para resolver sus dudas con los profesionales ponentes.<\/p>\n\n\n\n<p class=\"has-medium-font-size\">10.30-11:00: Pausa para caf\u00e9<\/p>\n\n\n\n<p class=\"has-medium-font-size\"><strong>11:00h &#8211; 13:30h La ingenier\u00eda civil y el entorno urbano. El caso del paso de la L\u00ednea de Alta Velocidad por Navalmoral de la Mata.<\/strong><\/p>\n\n\n\n<p class=\"has-medium-font-size\"><strong>11:00: Presentaci\u00f3n.<\/strong><\/p>\n\n\n\n<ul class=\"has-medium-font-size\">\n<li>Jes\u00fas Torrecilla Pinero, director de la Escuela Polit\u00e9cnica,<\/li>\n\n\n\n<li>Rafael Pag\u00e9s Rodr\u00edguez, decano del Colegio de Ingenieros T\u00e9cnicos de Obras P\u00fablicas<\/li>\n<\/ul>\n\n\n\n<p class=\"has-medium-font-size\"><strong>11:20: Intervenciones de los ponentes invitados (20 min)<\/strong><br>PONENTES:<\/p>\n\n\n\n<ul class=\"has-medium-font-size\">\n<li><strong>Cristina Teniente S\u00e1nchez<\/strong>, diputada en las Cortes Generales, portavoz de Transportes, Movilidad y Agenda Urbana por el Grupo Popular<\/li>\n\n\n\n<li><strong>C\u00e9sar Ramos Esteban<\/strong>, diputado en las Cortes Generales, portavoz de Transportes, Movilidad y Agenda Urbana por el Grupo Socialista<\/li>\n\n\n\n<li><strong>\u00d3scar Trujillano Fern\u00e1ndez<\/strong>, director de Proyectos de Alta Velocidad y Estaciones de ADIF<\/li>\n\n\n\n<li>Francisco Javier Porras Hidalgo, concejal de Urbanismo, Vivienda, Obras e Infraestructuras del Ayuntamiento de Navalmoral de la Mata<\/li>\n\n\n\n<li>13:00: Mesa redonda y debate con el p\u00fablico asistente<\/li>\n<\/ul>\n\n\n\n<p class=\"has-medium-font-size\"><strong>14:00: Clausura de la Jornada<\/strong><\/p>\n\n\n\n<p class=\"has-medium-font-size\">Las jornadas, se desarrollar\u00e1n en el sal\u00f3n de actos de la Escuela Polit\u00e9cnica de C\u00e1ceres. Podr\u00e9is descargar el programa de las mismas en el siguiente enlace:<\/p>\n\n\n\n<div class=\"wp-block-file\"><object class=\"wp-block-file__embed\" data=\"https:\/\/extremaduracitopic.com\/wp-content\/uploads\/2024\/05\/Programa-Jornada-Ing-Civil-2024.pdf\" type=\"application\/pdf\" style=\"width:100%;height:600px\" aria-label=\"Incrustado de Programa-Jornada-Ing-Civil-2024.\"><\/object><a id=\"wp-block-file--media-2b8fb019-b98d-4233-b782-68a8cacc790c\" href=\"https:\/\/extremaduracitopic.com\/wp-content\/uploads\/2024\/05\/Programa-Jornada-Ing-Civil-2024.pdf\">Programa-Jornada-Ing-Civil-2024<\/a><a href=\"https:\/\/extremaduracitopic.com\/wp-content\/uploads\/2024\/05\/Programa-Jornada-Ing-Civil-2024.pdf\" class=\"wp-block-file__button wp-element-button\" download aria-describedby=\"wp-block-file--media-2b8fb019-b98d-4233-b782-68a8cacc790c\">Descarga<\/a><\/div>\n\n\n\n<p class=\"has-medium-font-size\">Desde el CITOP Extremadura, esperamos que esta programaci\u00f3n sea de vuestro inter\u00e9s y os animamos a participar. Recibid un cordial saludo.<\/p>\n","protected":false},"excerpt":{"rendered":"<p>El pr\u00f3ximo\u00a08 de mayo, el Colegio de Ingenieros T\u00e9cnicos de Obras P\u00fablicas de Extremadura, organiza junto con la Escuela Polit\u00e9cnica de C\u00e1ceres, las\u00a0XI Jornadas de Ingenier\u00eda Civil. Este a\u00f1o tendremos el siguiente programa: LUGAR: Sal\u00f3n de actos de la Escuela Polit\u00e9cnica de C\u00e1ceresINSCRIPCI\u00d3N: https:\/\/forms.gle\/wtpaux8Zyhwpw7Ug9 PROGRAMA: 9:30h &#8211; 10:30h Mesa redonda sobre las salidas profesionales del [&hellip;]<\/p>\n","protected":false},"author":2,"featured_media":2864,"comment_status":"closed","ping_status":"open","sticky":false,"template":"","format":"standard","meta":{"jetpack_post_was_ever_published":false,"jetpack_publicize_message":"","jetpack_is_tweetstorm":false,"jetpack_publicize_feature_enabled":true,"jetpack_social_post_already_shared":true,"jetpack_social_options":{"image_generator_settings":{"template":"highway","enabled":false}}},"categories":[4,6],"tags":[50,63,48,43,68,166],"jetpack_publicize_connections":[],"jetpack_featured_media_url":"https:\/\/extremaduracitopic.com\/wp-content\/uploads\/2024\/05\/XI-JORNADAS-INGENIERIA-CIVIL.png","jetpack_sharing_enabled":true,"jetpack_shortlink":"https:\/\/wp.me\/p9MqsF-Kb","_links":{"self":[{"href":"https:\/\/extremaduracitopic.com\/index.php?rest_route=\/wp\/v2\/posts\/2863"}],"collection":[{"href":"https:\/\/extremaduracitopic.com\/index.php?rest_route=\/wp\/v2\/posts"}],"about":[{"href":"https:\/\/extremaduracitopic.com\/index.php?rest_route=\/wp\/v2\/types\/post"}],"author":[{"embeddable":true,"href":"https:\/\/extremaduracitopic.com\/index.php?rest_route=\/wp\/v2\/users\/2"}],"replies":[{"embeddable":true,"href":"https:\/\/extremaduracitopic.com\/index.php?rest_route=%2Fwp%2Fv2%2Fcomments&post=2863"}],"version-history":[{"count":1,"href":"https:\/\/extremaduracitopic.com\/index.php?rest_route=\/wp\/v2\/posts\/2863\/revisions"}],"predecessor-version":[{"id":2866,"href":"https:\/\/extremaduracitopic.com\/index.php?rest_route=\/wp\/v2\/posts\/2863\/revisions\/2866"}],"wp:featuredmedia":[{"embeddable":true,"href":"https:\/\/extremaduracitopic.com\/index.php?rest_route=\/wp\/v2\/media\/2864"}],"wp:attachment":[{"href":"https:\/\/extremaduracitopic.com\/index.php?rest_route=%2Fwp%2Fv2%2Fmedia&parent=2863"}],"wp:term":[{"taxonomy":"category","embeddable":true,"href":"https:\/\/extremaduracitopic.com\/index.php?rest_route=%2Fwp%2Fv2%2Fcategories&post=2863"},{"taxonomy":"post_tag","embeddable":true,"href":"https:\/\/extremaduracitopic.com\/index.php?rest_route=%2Fwp%2Fv2%2Ftags&post=2863"}],"curies":[{"name":"wp","href":"https:\/\/api.w.org\/{rel}","templated":true}]}}