{"id":3003,"date":"2025-04-09T08:29:23","date_gmt":"2025-04-09T08:29:23","guid":{"rendered":"https:\/\/extremaduracitopic.com\/?p=3003"},"modified":"2025-05-09T06:44:59","modified_gmt":"2025-05-09T06:44:59","slug":"cena-santo-domingo-de-la-calzada-2025","status":"publish","type":"post","link":"https:\/\/extremaduracitopic.com\/?p=3003","title":{"rendered":"CENA SANTO DOMINGO DE LA CALZADA 2025"},"content":{"rendered":"\n<figure class=\"wp-block-image size-large\"><img decoding=\"async\" loading=\"lazy\" width=\"1024\" height=\"461\" src=\"https:\/\/extremaduracitopic.com\/wp-content\/uploads\/2025\/04\/CENA-SANTO-DOMINGO-2025-1-1024x461.png\" alt=\"\" class=\"wp-image-3007\" srcset=\"https:\/\/extremaduracitopic.com\/wp-content\/uploads\/2025\/04\/CENA-SANTO-DOMINGO-2025-1-1024x461.png 1024w, https:\/\/extremaduracitopic.com\/wp-content\/uploads\/2025\/04\/CENA-SANTO-DOMINGO-2025-1-300x135.png 300w, https:\/\/extremaduracitopic.com\/wp-content\/uploads\/2025\/04\/CENA-SANTO-DOMINGO-2025-1-768x346.png 768w, https:\/\/extremaduracitopic.com\/wp-content\/uploads\/2025\/04\/CENA-SANTO-DOMINGO-2025-1.png 1110w\" sizes=\"(max-width: 1024px) 100vw, 1024px\" \/><\/figure>\n\n\n\n<p>Estimado\/a compa\u00f1ero\/a:<\/p>\n\n\n\n<p>Con motivo de la celebraci\u00f3n de nuestro patr\u00f3n, Santo Domingo de la Calzada, hemos programado la&nbsp;<strong>tradicional cena<\/strong>, para el pr\u00f3ximo&nbsp;d\u00eda&nbsp;<strong>23 de mayo, viernes,&nbsp;<\/strong>a las&nbsp;<strong>21:00h<\/strong>, en el<strong>&nbsp;Hotel Barcel\u00f3 C\u00e1ceres V Centenario, ubicado en calle Manuel Pacheco, 4, Oeste, 10005 C\u00e1ceres<\/strong><\/p>\n\n\n\n<p>Indicaros que, dependiendo del n\u00famero de asistentes, podr\u00eda disponerse de transporte colectivo&nbsp;<strong>desde Badajoz y M\u00e9rida<\/strong>, con salida a las 19:00h desde Badajoz y a las 20:00 h desde M\u00e9rida, para todos\/as aquellos\/as colegiados\/as que decidan utilizarlo.<\/p>\n\n\n\n<p>Como en a\u00f1os anteriores, podr\u00e9is llevar acompa\u00f1ante y el colegio financiar\u00e1 el 50% del cubierto.<\/p>\n\n\n\n<p>La asistencia al evento conlleva una aportaci\u00f3n de&nbsp;<strong>30 \u20ac\/persona<\/strong>. Para confirmar&nbsp; asistencia, se deber\u00e1 cumplimentar formulario de inscripci\u00f3n y&nbsp; realizar el ingreso en el N\u00ba de Cuenta:&nbsp;<strong>ES31 0081 0569 8300 0193 1994<\/strong>, indicando N\u00ba de colegiado m\u00e1s&nbsp; acompa\u00f1ante (si fuera el caso).<\/p>\n\n\n\n<p>&nbsp;Al finalizar la cena, se realizar\u00e1 la imposici\u00f3n&nbsp;de las<strong>&nbsp;Insignias de oro<\/strong>, a los colegiados que cumplen sus 25 a\u00f1os de colegiaci\u00f3n y que ser\u00e1n informados mediante comunicado oficial.<\/p>\n\n\n\n<p>A dem\u00e1s este a\u00f1o, se entregar\u00e1 el <strong><a href=\"https:\/\/ingenieros-civiles.es\/actualidad\/actualidad\/1\/1636\/ii-premio-a-la-trayectoria-profesional-de-fic-a-vicente-luis-dochao\" target=\"_blank\" rel=\"noreferrer noopener\">II Premio CARLOS GARC\u00cdA CUESTA<\/a><\/strong> a la Trayectoria Profesional, que se entrega a <strong>D. Vincente Luis Dochao Sierra.<\/strong><\/p>\n\n\n\n<p><u><strong>PROGRAMA<\/strong><u><\/u><\/u><\/p>\n\n\n\n<p><strong>21:00. C\u00f3ctel de bienvenida en los jardines del hotel.<\/strong><\/p>\n\n\n\n<p><strong>22:00. Cena de Gala. Al finalizar la cena, se realizar\u00e1 la imposici\u00f3n&nbsp;de las Insignias de oro, a los colegiados que cumplen sus 25 a\u00f1os de colegiaci\u00f3n.<\/strong><\/p>\n\n\n\n<p>Esperando contar con vuestra presencia, aprovechamos la ocasi\u00f3n para enviaros un cordial saludo.&nbsp; Por favor, realizar las inscripciones en el siguiente enlace:<\/p>\n\n\n\n<p><iframe loading=\"lazy\" src=\"https:\/\/docs.google.com\/forms\/d\/e\/1FAIpQLSdPN-gqkk69JGtKU16C-JZUANYBYcpPDLD1m67doycHj__y9Q\/viewform?embedded=true\" width=\"640\" height=\"3000\" frameborder=\"0\" marginheight=\"0\" marginwidth=\"0\">Cargando\u2026<\/iframe><\/p>\n","protected":false},"excerpt":{"rendered":"<p>Estimado\/a compa\u00f1ero\/a: Con motivo de la celebraci\u00f3n de nuestro patr\u00f3n, Santo Domingo de la Calzada, hemos programado la&nbsp;tradicional cena, para el pr\u00f3ximo&nbsp;d\u00eda&nbsp;23 de mayo, viernes,&nbsp;a las&nbsp;21:00h, en el&nbsp;Hotel Barcel\u00f3 C\u00e1ceres V Centenario, ubicado en calle Manuel Pacheco, 4, Oeste, 10005 C\u00e1ceres Indicaros que, dependiendo del n\u00famero de asistentes, podr\u00eda disponerse de transporte colectivo&nbsp;desde Badajoz y [&hellip;]<\/p>\n","protected":false},"author":2,"featured_media":3007,"comment_status":"closed","ping_status":"open","sticky":false,"template":"","format":"standard","meta":{"jetpack_post_was_ever_published":false,"jetpack_publicize_message":"","jetpack_is_tweetstorm":false,"jetpack_publicize_feature_enabled":true,"jetpack_social_post_already_shared":true,"jetpack_social_options":{"image_generator_settings":{"template":"highway","enabled":false}}},"categories":[23],"tags":[50,36,48,43,68],"jetpack_publicize_connections":[],"jetpack_featured_media_url":"https:\/\/extremaduracitopic.com\/wp-content\/uploads\/2025\/04\/CENA-SANTO-DOMINGO-2025-1.png","jetpack_sharing_enabled":true,"jetpack_shortlink":"https:\/\/wp.me\/p9MqsF-Mr","_links":{"self":[{"href":"https:\/\/extremaduracitopic.com\/index.php?rest_route=\/wp\/v2\/posts\/3003"}],"collection":[{"href":"https:\/\/extremaduracitopic.com\/index.php?rest_route=\/wp\/v2\/posts"}],"about":[{"href":"https:\/\/extremaduracitopic.com\/index.php?rest_route=\/wp\/v2\/types\/post"}],"author":[{"embeddable":true,"href":"https:\/\/extremaduracitopic.com\/index.php?rest_route=\/wp\/v2\/users\/2"}],"replies":[{"embeddable":true,"href":"https:\/\/extremaduracitopic.com\/index.php?rest_route=%2Fwp%2Fv2%2Fcomments&post=3003"}],"version-history":[{"count":6,"href":"https:\/\/extremaduracitopic.com\/index.php?rest_route=\/wp\/v2\/posts\/3003\/revisions"}],"predecessor-version":[{"id":3014,"href":"https:\/\/extremaduracitopic.com\/index.php?rest_route=\/wp\/v2\/posts\/3003\/revisions\/3014"}],"wp:featuredmedia":[{"embeddable":true,"href":"https:\/\/extremaduracitopic.com\/index.php?rest_route=\/wp\/v2\/media\/3007"}],"wp:attachment":[{"href":"https:\/\/extremaduracitopic.com\/index.php?rest_route=%2Fwp%2Fv2%2Fmedia&parent=3003"}],"wp:term":[{"taxonomy":"category","embeddable":true,"href":"https:\/\/extremaduracitopic.com\/index.php?rest_route=%2Fwp%2Fv2%2Fcategories&post=3003"},{"taxonomy":"post_tag","embeddable":true,"href":"https:\/\/extremaduracitopic.com\/index.php?rest_route=%2Fwp%2Fv2%2Ftags&post=3003"}],"curies":[{"name":"wp","href":"https:\/\/api.w.org\/{rel}","templated":true}]}}