{"id":3106,"date":"2025-10-27T10:31:04","date_gmt":"2025-10-27T10:31:04","guid":{"rendered":"https:\/\/extremaduracitopic.com\/?p=3106"},"modified":"2025-10-27T10:37:02","modified_gmt":"2025-10-27T10:37:02","slug":"%f0%9f%93%b0-jornada-sobre-gestion-de-residuos-y-economia-circular-en-el-ambito-rural","status":"publish","type":"post","link":"https:\/\/extremaduracitopic.com\/?p=3106","title":{"rendered":"&#x1f4f0; Jornada sobre Gesti\u00f3n de Residuos y Econom\u00eda Circular en el \u00c1mbito Rural"},"content":{"rendered":"\n<figure class=\"wp-block-image size-large\"><img decoding=\"async\" loading=\"lazy\" width=\"1024\" height=\"461\" src=\"https:\/\/extremaduracitopic.com\/wp-content\/uploads\/2025\/10\/JORNADA-Residuos-y-EC-1024x461.png\" alt=\"\" class=\"wp-image-3107\" srcset=\"https:\/\/extremaduracitopic.com\/wp-content\/uploads\/2025\/10\/JORNADA-Residuos-y-EC-1024x461.png 1024w, https:\/\/extremaduracitopic.com\/wp-content\/uploads\/2025\/10\/JORNADA-Residuos-y-EC-300x135.png 300w, https:\/\/extremaduracitopic.com\/wp-content\/uploads\/2025\/10\/JORNADA-Residuos-y-EC-768x346.png 768w, https:\/\/extremaduracitopic.com\/wp-content\/uploads\/2025\/10\/JORNADA-Residuos-y-EC.png 1110w\" sizes=\"(max-width: 1024px) 100vw, 1024px\" \/><\/figure>\n\n\n\n<p>El pr\u00f3ximo <strong>26 de noviembre<\/strong>, el <strong>Complejo Cultural San Francisco<\/strong> de C\u00e1ceres acoger\u00e1 una jornada dedicada a la <strong>gesti\u00f3n de residuos y la econom\u00eda circular en el \u00e1mbito rural<\/strong>, bajo el t\u00edtulo <em>\u201cEl modelo consorciado para el \u00e1mbito rural\u201d<\/em>.<\/p>\n\n\n\n<p>El encuentro est\u00e1 organizado por el <strong>Consorcio M\u00e1sMedio<\/strong> de la Diputaci\u00f3n Provincial de C\u00e1ceres, y contar\u00e1 con la presencia de autoridades locales y auton\u00f3micas, as\u00ed como con destacados expertos en materia de sostenibilidad y gesti\u00f3n de residuos.<\/p>\n\n\n\n<p>La inauguraci\u00f3n oficial, prevista para las <strong>09:00 horas<\/strong>, correr\u00e1 a cargo del <strong>Presidente de la Diputaci\u00f3n de C\u00e1ceres, Miguel \u00c1ngel Morales S\u00e1nchez<\/strong>, junto al alcalde de C\u00e1ceres y representantes de la Junta de Extremadura.<\/p>\n\n\n\n<p>El programa se estructura en dos bloques principales:<\/p>\n\n\n\n<ul>\n<li><strong>Bloque I: \u201cLey 7\/2022. Retos y novedades para la econom\u00eda circular rural\u201d<\/strong>, donde se abordar\u00e1n temas como el modelo tributario de las tasas de residuos y los desaf\u00edos futuros en la gesti\u00f3n ambiental, con ponentes del <strong>Ministerio para la Transici\u00f3n Ecol\u00f3gica<\/strong> y del <strong>Ayuntamiento de M\u00f3stoles<\/strong>.<\/li>\n\n\n\n<li><strong>Bloque II: \u201cLa adaptaci\u00f3n de la gesti\u00f3n de residuos al \u00e1mbito rural. Proyectos singulares de la provincia de C\u00e1ceres\u201d<\/strong>, con intervenciones sobre la implantaci\u00f3n de la fracci\u00f3n org\u00e1nica en Extremadura y el <strong>Plan Provincial de Puntos Limpios<\/strong>, a cargo del <strong>Consorcio M\u00e1sMedio<\/strong> y de la <strong>Direcci\u00f3n General de Sostenibilidad<\/strong> de la Junta de Extremadura.<\/li>\n<\/ul>\n\n\n\n<p>Adem\u00e1s, se celebrar\u00e1 una <strong>mesa redonda sobre la gesti\u00f3n de residuos en el \u00e1mbito municipal<\/strong>, que reunir\u00e1 a representantes de distintos consorcios y entidades especializadas a nivel nacional.<\/p>\n\n\n\n<p>La jornada concluir\u00e1 con la intervenci\u00f3n del <strong>Vicepresidente del Consorcio M\u00e1sMedio, Javier Prieto Calle<\/strong>, seguida de un almuerzo en el Claustro del propio complejo cultural.<\/p>\n\n\n\n<p>Con este encuentro, la Diputaci\u00f3n de C\u00e1ceres y el Consorcio M\u00e1sMedio refuerzan su compromiso con la <strong>sostenibilidad, la econom\u00eda circular y la cooperaci\u00f3n intermunicipal<\/strong>, pilares esenciales para avanzar hacia un modelo de gesti\u00f3n de residuos eficiente y respetuoso con el medio ambiente.<\/p>\n\n\n\n<p>Rogamos nos confirme su asistencia escribiendo a&nbsp;<a rel=\"noreferrer noopener\" href=\"mailto:jornadas@masmedio.es\" target=\"_blank\">jornadas@masmedio.es<\/a>, indicando: nombre y apellidos, entidad a la que pertenece (si procede) y si presenta alguna intolerancia alimentaria.<\/p>\n\n\n\n<figure class=\"wp-block-image size-large\"><img decoding=\"async\" loading=\"lazy\" width=\"1024\" height=\"724\" src=\"https:\/\/extremaduracitopic.com\/wp-content\/uploads\/2025\/10\/MM_Invitacion-jornadas_RSU-1024x724.jpg\" alt=\"\" class=\"wp-image-3110\" srcset=\"https:\/\/extremaduracitopic.com\/wp-content\/uploads\/2025\/10\/MM_Invitacion-jornadas_RSU-1024x724.jpg 1024w, https:\/\/extremaduracitopic.com\/wp-content\/uploads\/2025\/10\/MM_Invitacion-jornadas_RSU-300x212.jpg 300w, https:\/\/extremaduracitopic.com\/wp-content\/uploads\/2025\/10\/MM_Invitacion-jornadas_RSU-768x543.jpg 768w, https:\/\/extremaduracitopic.com\/wp-content\/uploads\/2025\/10\/MM_Invitacion-jornadas_RSU.jpg 1462w\" sizes=\"(max-width: 1024px) 100vw, 1024px\" \/><\/figure>\n\n\n\n<div class=\"wp-block-file\"><object class=\"wp-block-file__embed\" data=\"https:\/\/extremaduracitopic.com\/wp-content\/uploads\/2025\/10\/2025_MM_Programa_-Jornada-RSU-1.pdf\" type=\"application\/pdf\" style=\"width:100%;height:600px\" aria-label=\"Incrustado de PROGRAMA DE LA JORNADA.\"><\/object><a id=\"wp-block-file--media-af201070-79b5-42fe-9491-4b1323a96b70\" href=\"https:\/\/extremaduracitopic.com\/wp-content\/uploads\/2025\/10\/2025_MM_Programa_-Jornada-RSU-1.pdf\">PROGRAMA DE LA JORNADA<\/a><a href=\"https:\/\/extremaduracitopic.com\/wp-content\/uploads\/2025\/10\/2025_MM_Programa_-Jornada-RSU-1.pdf\" class=\"wp-block-file__button wp-element-button\" download aria-describedby=\"wp-block-file--media-af201070-79b5-42fe-9491-4b1323a96b70\">Descarga<\/a><\/div>\n","protected":false},"excerpt":{"rendered":"<p>El pr\u00f3ximo 26 de noviembre, el Complejo Cultural San Francisco de C\u00e1ceres acoger\u00e1 una jornada dedicada a la gesti\u00f3n de residuos y la econom\u00eda circular en el \u00e1mbito rural, bajo el t\u00edtulo \u201cEl modelo consorciado para el \u00e1mbito rural\u201d. El encuentro est\u00e1 organizado por el Consorcio M\u00e1sMedio de la Diputaci\u00f3n Provincial de C\u00e1ceres, y contar\u00e1 [&hellip;]<\/p>\n","protected":false},"author":2,"featured_media":3107,"comment_status":"closed","ping_status":"open","sticky":false,"template":"","format":"standard","meta":{"jetpack_post_was_ever_published":false,"jetpack_publicize_message":"","jetpack_is_tweetstorm":false,"jetpack_publicize_feature_enabled":true,"jetpack_social_post_already_shared":true,"jetpack_social_options":{"image_generator_settings":{"template":"highway","enabled":false}}},"categories":[170,6,3],"tags":[50,48,43,68],"jetpack_publicize_connections":[],"jetpack_featured_media_url":"https:\/\/extremaduracitopic.com\/wp-content\/uploads\/2025\/10\/JORNADA-Residuos-y-EC.png","jetpack_sharing_enabled":true,"jetpack_shortlink":"https:\/\/wp.me\/p9MqsF-O6","_links":{"self":[{"href":"https:\/\/extremaduracitopic.com\/index.php?rest_route=\/wp\/v2\/posts\/3106"}],"collection":[{"href":"https:\/\/extremaduracitopic.com\/index.php?rest_route=\/wp\/v2\/posts"}],"about":[{"href":"https:\/\/extremaduracitopic.com\/index.php?rest_route=\/wp\/v2\/types\/post"}],"author":[{"embeddable":true,"href":"https:\/\/extremaduracitopic.com\/index.php?rest_route=\/wp\/v2\/users\/2"}],"replies":[{"embeddable":true,"href":"https:\/\/extremaduracitopic.com\/index.php?rest_route=%2Fwp%2Fv2%2Fcomments&post=3106"}],"version-history":[{"count":4,"href":"https:\/\/extremaduracitopic.com\/index.php?rest_route=\/wp\/v2\/posts\/3106\/revisions"}],"predecessor-version":[{"id":3116,"href":"https:\/\/extremaduracitopic.com\/index.php?rest_route=\/wp\/v2\/posts\/3106\/revisions\/3116"}],"wp:featuredmedia":[{"embeddable":true,"href":"https:\/\/extremaduracitopic.com\/index.php?rest_route=\/wp\/v2\/media\/3107"}],"wp:attachment":[{"href":"https:\/\/extremaduracitopic.com\/index.php?rest_route=%2Fwp%2Fv2%2Fmedia&parent=3106"}],"wp:term":[{"taxonomy":"category","embeddable":true,"href":"https:\/\/extremaduracitopic.com\/index.php?rest_route=%2Fwp%2Fv2%2Fcategories&post=3106"},{"taxonomy":"post_tag","embeddable":true,"href":"https:\/\/extremaduracitopic.com\/index.php?rest_route=%2Fwp%2Fv2%2Ftags&post=3106"}],"curies":[{"name":"wp","href":"https:\/\/api.w.org\/{rel}","templated":true}]}}