{"id":3316,"date":"2026-09-04T09:47:04","date_gmt":"2026-09-04T09:47:04","guid":{"rendered":"https:\/\/extremaduracitopic.com\/?p=3316"},"modified":"2026-09-04T10:20:58","modified_gmt":"2026-09-04T10:20:58","slug":"luz-maria-rodriguez-barquilla-asume-el-decanato-del-citop-extremadura-al-frente-de-la-nueva-junta-de-gobierno","status":"publish","type":"post","link":"https:\/\/extremaduracitopic.com\/?p=3316","title":{"rendered":"Luz Mar\u00eda Rodr\u00edguez Barquilla asumir\u00e1 el Decanato del CITOP Extremadura al frente de la nueva Junta de Gobierno"},"content":{"rendered":"\n<figure class=\"wp-block-image size-large\"><img decoding=\"async\" loading=\"lazy\" width=\"1024\" height=\"461\" src=\"https:\/\/extremaduracitopic.com\/wp-content\/uploads\/2026\/09\/20260904-Proclamacion-Nueva-JG-1024x461.png\" alt=\"\" class=\"wp-image-3317\" srcset=\"https:\/\/extremaduracitopic.com\/wp-content\/uploads\/2026\/09\/20260904-Proclamacion-Nueva-JG-1024x461.png 1024w, https:\/\/extremaduracitopic.com\/wp-content\/uploads\/2026\/09\/20260904-Proclamacion-Nueva-JG-300x135.png 300w, https:\/\/extremaduracitopic.com\/wp-content\/uploads\/2026\/09\/20260904-Proclamacion-Nueva-JG-768x346.png 768w, https:\/\/extremaduracitopic.com\/wp-content\/uploads\/2026\/09\/20260904-Proclamacion-Nueva-JG-1536x692.png 1536w, https:\/\/extremaduracitopic.com\/wp-content\/uploads\/2026\/09\/20260904-Proclamacion-Nueva-JG-1110x500.png 1110w, https:\/\/extremaduracitopic.com\/wp-content\/uploads\/2026\/09\/20260904-Proclamacion-Nueva-JG.png 1869w\" sizes=\"(max-width: 1024px) 100vw, 1024px\" \/><\/figure>\n\n\n\n<h1 class=\"wp-block-heading\">Luz Mar\u00eda Rodr\u00edguez Barquilla asumir\u00e1 el Decanato del CITOP Extremadura al frente de la nueva Junta de Gobierno<\/h1>\n\n\n\n<h3 class=\"wp-block-heading\">La candidatura presentada a las elecciones ha sido proclamada electa tras ser la \u00fanica candidatura registrada y cumplir los requisitos establecidos por el Colegio<\/h3>\n\n\n\n<p><strong>C\u00e1ceres, 4 de septiembre de 2026.<\/strong> \u2014 El Colegio de Ingenieros T\u00e9cnicos de Obras P\u00fablicas (CITOP) en Extremadura iniciar\u00e1 en los pr\u00f3ximos d\u00edas una nueva etapa con la constituci\u00f3n de su nueva Junta de Gobierno, que estar\u00e1 presidida por <strong>Luz Mar\u00eda Rodr\u00edguez Barquilla<\/strong>, quien asumir\u00e1 el cargo de <strong>decana<\/strong> de la Zona de Extremadura.<\/p>\n\n\n\n<p>La Junta Electoral Territorial de la Zona de Extremadura acord\u00f3 la proclamaci\u00f3n de la candidatura como <strong>electa<\/strong> durante la reuni\u00f3n celebrada telem\u00e1ticamente el pasado <strong>2 de septiembre de 2026<\/strong>. Seg\u00fan consta en el acta de proclamaci\u00f3n de resultados, \u00fanicamente se present\u00f3 una candidatura a las elecciones a la Junta de Gobierno, que fue aceptada por la Junta Electoral al cumplir lo establecido en el Reglamento General del CITOP y en la normativa electoral aplicable.<\/p>\n\n\n\n<h2 class=\"wp-block-heading\">Una nueva Junta de Gobierno para el CITOP Extremadura<\/h2>\n\n\n\n<p>La nueva Junta de Gobierno estar\u00e1 integrada por profesionales que asumir\u00e1n las principales responsabilidades de representaci\u00f3n y gesti\u00f3n del Colegio en la comunidad aut\u00f3noma.<\/p>\n\n\n\n<p>La composici\u00f3n queda establecida de la siguiente manera:<\/p>\n\n\n\n<p><strong>Decana<\/strong><br>Luz Mar\u00eda Rodr\u00edguez Barquilla<\/p>\n\n\n\n<p><strong>Vicedecano<\/strong><br>Jos\u00e9 David Pastor Valle<\/p>\n\n\n\n<p><strong>Secretaria<\/strong><br>Mar\u00eda Jos\u00e9 Moreno Moreno<\/p>\n\n\n\n<p><strong>Tesorero<\/strong><br>Jos\u00e9 Ignacio Villalba Sierra<\/p>\n\n\n\n<p><strong>Delegado de Badajoz<\/strong><br>Gervasio Benito Rom\u00e1n<\/p>\n\n\n\n<h2 class=\"wp-block-heading\">El CITOP Extremadura afronta una nueva etapa<\/h2>\n\n\n\n<p>La proclamaci\u00f3n de la nueva Junta de Gobierno supone el inicio de una nueva etapa para la representaci\u00f3n territorial del CITOP en Extremadura.<\/p>\n\n\n\n<p>La nueva direcci\u00f3n colegial asume la responsabilidad de continuar representando a los Ingenieros T\u00e9cnicos de Obras P\u00fablicas y profesionales vinculados a la ingenier\u00eda civil en Extremadura, fortaleciendo el papel del Colegio y su relaci\u00f3n con los colegiados.<\/p>\n\n\n\n<p>Desde el CITOP Extremadura se traslada el reconocimiento a todos los integrantes de la nueva Junta de Gobierno y se les desea \u00e9xito en el desempe\u00f1o de sus nuevas responsabilidades.<\/p>\n\n\n\n<p>La Junta Electoral Territorial levant\u00f3 el correspondiente <strong>Acta de Proclamaci\u00f3n de Resultados<\/strong>, que recoge oficialmente la composici\u00f3n de la nueva Junta de Gobierno de la Zona de Extremadura.<\/p>\n","protected":false},"excerpt":{"rendered":"<p>Luz Mar\u00eda Rodr\u00edguez Barquilla asumir\u00e1 el Decanato del CITOP Extremadura al frente de la nueva Junta de Gobierno La candidatura presentada a las elecciones ha sido proclamada electa tras ser la \u00fanica candidatura registrada y cumplir los requisitos establecidos por el Colegio C\u00e1ceres, 4 de septiembre de 2026. \u2014 El Colegio de Ingenieros T\u00e9cnicos de [&hellip;]<\/p>\n","protected":false},"author":2,"featured_media":3317,"comment_status":"closed","ping_status":"open","sticky":false,"template":"","format":"standard","meta":{"jetpack_post_was_ever_published":false,"jetpack_publicize_message":"","jetpack_is_tweetstorm":false,"jetpack_publicize_feature_enabled":true,"jetpack_social_post_already_shared":true,"jetpack_social_options":{"image_generator_settings":{"template":"highway","enabled":false}}},"categories":[173,4],"tags":[50,48,43,68],"jetpack_publicize_connections":[],"jetpack_featured_media_url":"https:\/\/extremaduracitopic.com\/wp-content\/uploads\/2026\/09\/20260904-Proclamacion-Nueva-JG.png","jetpack_sharing_enabled":true,"jetpack_shortlink":"https:\/\/wp.me\/p9MqsF-Ru","_links":{"self":[{"href":"https:\/\/extremaduracitopic.com\/index.php?rest_route=\/wp\/v2\/posts\/3316"}],"collection":[{"href":"https:\/\/extremaduracitopic.com\/index.php?rest_route=\/wp\/v2\/posts"}],"about":[{"href":"https:\/\/extremaduracitopic.com\/index.php?rest_route=\/wp\/v2\/types\/post"}],"author":[{"embeddable":true,"href":"https:\/\/extremaduracitopic.com\/index.php?rest_route=\/wp\/v2\/users\/2"}],"replies":[{"embeddable":true,"href":"https:\/\/extremaduracitopic.com\/index.php?rest_route=%2Fwp%2Fv2%2Fcomments&post=3316"}],"version-history":[{"count":7,"href":"https:\/\/extremaduracitopic.com\/index.php?rest_route=\/wp\/v2\/posts\/3316\/revisions"}],"predecessor-version":[{"id":3325,"href":"https:\/\/extremaduracitopic.com\/index.php?rest_route=\/wp\/v2\/posts\/3316\/revisions\/3325"}],"wp:featuredmedia":[{"embeddable":true,"href":"https:\/\/extremaduracitopic.com\/index.php?rest_route=\/wp\/v2\/media\/3317"}],"wp:attachment":[{"href":"https:\/\/extremaduracitopic.com\/index.php?rest_route=%2Fwp%2Fv2%2Fmedia&parent=3316"}],"wp:term":[{"taxonomy":"category","embeddable":true,"href":"https:\/\/extremaduracitopic.com\/index.php?rest_route=%2Fwp%2Fv2%2Fcategories&post=3316"},{"taxonomy":"post_tag","embeddable":true,"href":"https:\/\/extremaduracitopic.com\/index.php?rest_route=%2Fwp%2Fv2%2Ftags&post=3316"}],"curies":[{"name":"wp","href":"https:\/\/api.w.org\/{rel}","templated":true}]}}