{"id":390,"date":"2017-12-22T08:32:48","date_gmt":"2017-12-22T08:32:48","guid":{"rendered":"http:\/\/extremaduracitopic.com\/?p=390"},"modified":"2017-12-22T08:39:06","modified_gmt":"2017-12-22T08:39:06","slug":"asamblea-general-extraordinaria","status":"publish","type":"post","link":"https:\/\/extremaduracitopic.com\/?p=390","title":{"rendered":"ASAMBLEA GENERAL EXTRAORDINARIA"},"content":{"rendered":"<p><img decoding=\"async\" loading=\"lazy\" class=\"alignnone size-full wp-image-251 aligncenter\" src=\"http:\/\/extremaduracitopic.com\/wp-content\/uploads\/2017\/10\/Logo.jpg\" alt=\"\" width=\"92\" height=\"103\" \/><\/p>\n<p>CONVOCATORIA ASAMBLEA TERRITORIAL EXTRAORDINARIA DEL COLEGIO DE INGENIEROS T\u00c9CNICOS\u00a0DE OBRAS P\u00daBLICAS E INGENIEROS CIVILES DE EXTREMADURA.<\/p>\n<p style=\"text-align: justify\">Estimado compa\u00f1ero\/a:<\/p>\n<p style=\"text-align: justify\">Para dar cumplimiento a lo establecido en los vigentes Estatutos del Colegio de Ingenieros T\u00e9cnicos de Obras P\u00fablicas e Ingenieros Civiles, te convoco a la Asamblea General Extraordinaria del Colegio de Ingenieros T\u00e9cnicos de Obras P\u00fablicas e Ingenieros Civiles de Extremadura que se celebrar\u00e1 el pr\u00f3ximo d\u00eda \u00a09 de enero de 2018, a las 18,00h, , en la Sede del Colegio (C\/MARIO ROSO DE LUNA 25-27 C\u00c1CERES) con el siguiente orden del d\u00eda.<\/p>\n<p style=\"text-align: center\">1-Elecci\u00f3n Mesa electoral zona.<\/p>\n<p>&nbsp;<\/p>\n<p>Recibe un cordial salud.<\/p>\n<p>&nbsp;<\/p>\n<p style=\"text-align: left\">La secretaria .<\/p>\n<p style=\"text-align: left\">D\u00f1a. M\u00aa. Monta\u00f1a Dur\u00e1n Naharro.<\/p>\n","protected":false},"excerpt":{"rendered":"<p>CONVOCATORIA ASAMBLEA TERRITORIAL EXTRAORDINARIA DEL COLEGIO DE INGENIEROS T\u00c9CNICOS\u00a0DE OBRAS P\u00daBLICAS E INGENIEROS CIVILES DE EXTREMADURA. Estimado compa\u00f1ero\/a: Para dar cumplimiento a lo establecido en los vigentes Estatutos del Colegio de Ingenieros T\u00e9cnicos de Obras P\u00fablicas e Ingenieros Civiles, te convoco a la Asamblea General Extraordinaria del Colegio de Ingenieros T\u00e9cnicos de Obras P\u00fablicas e [&hellip;]<\/p>\n","protected":false},"author":28,"featured_media":251,"comment_status":"open","ping_status":"open","sticky":false,"template":"","format":"aside","meta":{"jetpack_post_was_ever_published":false,"jetpack_publicize_message":"","jetpack_is_tweetstorm":false,"jetpack_publicize_feature_enabled":true,"jetpack_social_post_already_shared":false,"jetpack_social_options":{"image_generator_settings":{"template":"highway","enabled":false}}},"categories":[3],"tags":[],"jetpack_publicize_connections":[],"jetpack_featured_media_url":"https:\/\/extremaduracitopic.com\/wp-content\/uploads\/2017\/10\/Logo.jpg","jetpack_sharing_enabled":true,"jetpack_shortlink":"https:\/\/wp.me\/p9MqsF-6i","_links":{"self":[{"href":"https:\/\/extremaduracitopic.com\/index.php?rest_route=\/wp\/v2\/posts\/390"}],"collection":[{"href":"https:\/\/extremaduracitopic.com\/index.php?rest_route=\/wp\/v2\/posts"}],"about":[{"href":"https:\/\/extremaduracitopic.com\/index.php?rest_route=\/wp\/v2\/types\/post"}],"author":[{"embeddable":true,"href":"https:\/\/extremaduracitopic.com\/index.php?rest_route=\/wp\/v2\/users\/28"}],"replies":[{"embeddable":true,"href":"https:\/\/extremaduracitopic.com\/index.php?rest_route=%2Fwp%2Fv2%2Fcomments&post=390"}],"version-history":[{"count":3,"href":"https:\/\/extremaduracitopic.com\/index.php?rest_route=\/wp\/v2\/posts\/390\/revisions"}],"predecessor-version":[{"id":394,"href":"https:\/\/extremaduracitopic.com\/index.php?rest_route=\/wp\/v2\/posts\/390\/revisions\/394"}],"wp:featuredmedia":[{"embeddable":true,"href":"https:\/\/extremaduracitopic.com\/index.php?rest_route=\/wp\/v2\/media\/251"}],"wp:attachment":[{"href":"https:\/\/extremaduracitopic.com\/index.php?rest_route=%2Fwp%2Fv2%2Fmedia&parent=390"}],"wp:term":[{"taxonomy":"category","embeddable":true,"href":"https:\/\/extremaduracitopic.com\/index.php?rest_route=%2Fwp%2Fv2%2Fcategories&post=390"},{"taxonomy":"post_tag","embeddable":true,"href":"https:\/\/extremaduracitopic.com\/index.php?rest_route=%2Fwp%2Fv2%2Ftags&post=390"}],"curies":[{"name":"wp","href":"https:\/\/api.w.org\/{rel}","templated":true}]}}