{"id":463,"date":"2018-03-07T16:56:10","date_gmt":"2018-03-07T16:56:10","guid":{"rendered":"http:\/\/extremaduracitopic.com\/?p=463"},"modified":"2018-03-07T17:22:28","modified_gmt":"2018-03-07T17:22:28","slug":"nueva-junta-de-gobierno-del-citopic-de-la-zona-de-extremadura","status":"publish","type":"post","link":"https:\/\/extremaduracitopic.com\/?p=463","title":{"rendered":"Nueva Junta de Gobierno del CITOPIC de la Zona de Extremadura"},"content":{"rendered":"<p><a href=\"http:\/\/extremaduracitopic.com\/wp-content\/uploads\/2018\/03\/Nueva-Junta-de-Gobierno.jpg\"><img decoding=\"async\" loading=\"lazy\" class=\"alignnone size-full wp-image-462\" src=\"http:\/\/extremaduracitopic.com\/wp-content\/uploads\/2018\/03\/Nueva-Junta-de-Gobierno.jpg\" alt=\"\" width=\"1100\" height=\"500\" srcset=\"https:\/\/extremaduracitopic.com\/wp-content\/uploads\/2018\/03\/Nueva-Junta-de-Gobierno.jpg 1100w, https:\/\/extremaduracitopic.com\/wp-content\/uploads\/2018\/03\/Nueva-Junta-de-Gobierno-300x136.jpg 300w, https:\/\/extremaduracitopic.com\/wp-content\/uploads\/2018\/03\/Nueva-Junta-de-Gobierno-768x349.jpg 768w, https:\/\/extremaduracitopic.com\/wp-content\/uploads\/2018\/03\/Nueva-Junta-de-Gobierno-1024x465.jpg 1024w, https:\/\/extremaduracitopic.com\/wp-content\/uploads\/2018\/03\/Nueva-Junta-de-Gobierno-517x235.jpg 517w\" sizes=\"(max-width: 1100px) 100vw, 1100px\" \/><\/a><\/p>\n<p>&nbsp;<\/p>\n<p style=\"text-align: justify;\">El pasado 1 marzo, y una vez concurrido el proceso electoral para la elecci\u00f3n de cargos a la Zona de Extremadura, han tomado posesi\u00f3n de sus cargos la nueva Junta de Gobierno, quedando compuesta de la siguiente manera:<\/p>\n<p>Decano: Rafael Pag\u00e9s Rodr\u00edguez,<br \/>\nVicedecano: Jos\u00e9 David Pastor Valle<br \/>\nSecretario: Jos\u00e9 Ignacio Villalba Sierra<br \/>\nTesorero: Miguel J. Seller \u00c1lvarez,<br \/>\nDelegado de Badajoz: Marco Tom\u00e1s Rodr\u00edguez Mart\u00ednez<br \/>\nVocal: M\u00aa Matile Vicente Pizarro<br \/>\nVocal: Patricia Rom\u00e1n Cerro<\/p>\n<p>Entre los objetivos prioritarios de esta nueva junta de gobierno est\u00e1n: seguir impulsando el empleo y la formaci\u00f3n continua entre los colegiados de esta regi\u00f3n.<\/p>\n","protected":false},"excerpt":{"rendered":"<p>&nbsp; El pasado 1 marzo, y una vez concurrido el proceso electoral para la elecci\u00f3n de cargos a la Zona de Extremadura, han tomado posesi\u00f3n de sus cargos la nueva Junta de Gobierno, quedando compuesta de la siguiente manera: Decano: Rafael Pag\u00e9s Rodr\u00edguez, Vicedecano: Jos\u00e9 David Pastor Valle Secretario: Jos\u00e9 Ignacio Villalba Sierra Tesorero: Miguel [&hellip;]<\/p>\n","protected":false},"author":2,"featured_media":462,"comment_status":"open","ping_status":"open","sticky":false,"template":"","format":"standard","meta":{"jetpack_post_was_ever_published":false,"jetpack_publicize_message":"","jetpack_is_tweetstorm":false,"jetpack_publicize_feature_enabled":true,"jetpack_social_post_already_shared":false,"jetpack_social_options":{"image_generator_settings":{"template":"highway","enabled":false}}},"categories":[1],"tags":[],"jetpack_publicize_connections":[],"jetpack_featured_media_url":"https:\/\/extremaduracitopic.com\/wp-content\/uploads\/2018\/03\/Nueva-Junta-de-Gobierno.jpg","jetpack_sharing_enabled":true,"jetpack_shortlink":"https:\/\/wp.me\/p9MqsF-7t","_links":{"self":[{"href":"https:\/\/extremaduracitopic.com\/index.php?rest_route=\/wp\/v2\/posts\/463"}],"collection":[{"href":"https:\/\/extremaduracitopic.com\/index.php?rest_route=\/wp\/v2\/posts"}],"about":[{"href":"https:\/\/extremaduracitopic.com\/index.php?rest_route=\/wp\/v2\/types\/post"}],"author":[{"embeddable":true,"href":"https:\/\/extremaduracitopic.com\/index.php?rest_route=\/wp\/v2\/users\/2"}],"replies":[{"embeddable":true,"href":"https:\/\/extremaduracitopic.com\/index.php?rest_route=%2Fwp%2Fv2%2Fcomments&post=463"}],"version-history":[{"count":2,"href":"https:\/\/extremaduracitopic.com\/index.php?rest_route=\/wp\/v2\/posts\/463\/revisions"}],"predecessor-version":[{"id":465,"href":"https:\/\/extremaduracitopic.com\/index.php?rest_route=\/wp\/v2\/posts\/463\/revisions\/465"}],"wp:featuredmedia":[{"embeddable":true,"href":"https:\/\/extremaduracitopic.com\/index.php?rest_route=\/wp\/v2\/media\/462"}],"wp:attachment":[{"href":"https:\/\/extremaduracitopic.com\/index.php?rest_route=%2Fwp%2Fv2%2Fmedia&parent=463"}],"wp:term":[{"taxonomy":"category","embeddable":true,"href":"https:\/\/extremaduracitopic.com\/index.php?rest_route=%2Fwp%2Fv2%2Fcategories&post=463"},{"taxonomy":"post_tag","embeddable":true,"href":"https:\/\/extremaduracitopic.com\/index.php?rest_route=%2Fwp%2Fv2%2Ftags&post=463"}],"curies":[{"name":"wp","href":"https:\/\/api.w.org\/{rel}","templated":true}]}}