{"id":622,"date":"2018-06-15T08:56:57","date_gmt":"2018-06-15T08:56:57","guid":{"rendered":"http:\/\/extremaduracitopic.com\/?p=622"},"modified":"2018-06-15T09:31:40","modified_gmt":"2018-06-15T09:31:40","slug":"622","status":"publish","type":"post","link":"https:\/\/extremaduracitopic.com\/?p=622","title":{"rendered":"EMPRESARIO DEL A\u00d1O EXTREME\u00d1O 2018"},"content":{"rendered":"<p>&nbsp;<\/p>\n<p><a href=\"http:\/\/extremaduracitopic.com\/wp-content\/uploads\/2018\/06\/EmpresarioExtreme\u00f1odelA\u00f1o.jpeg\"><img decoding=\"async\" loading=\"lazy\" class=\"aligncenter size-medium wp-image-623\" src=\"http:\/\/extremaduracitopic.com\/wp-content\/uploads\/2018\/06\/EmpresarioExtreme\u00f1odelA\u00f1o-225x300.jpeg\" alt=\"\" width=\"225\" height=\"300\" srcset=\"https:\/\/extremaduracitopic.com\/wp-content\/uploads\/2018\/06\/EmpresarioExtreme\u00f1odelA\u00f1o-225x300.jpeg 225w, https:\/\/extremaduracitopic.com\/wp-content\/uploads\/2018\/06\/EmpresarioExtreme\u00f1odelA\u00f1o-768x1024.jpeg 768w, https:\/\/extremaduracitopic.com\/wp-content\/uploads\/2018\/06\/EmpresarioExtreme\u00f1odelA\u00f1o.jpeg 1200w\" sizes=\"(max-width: 225px) 100vw, 225px\" \/><\/a><\/p>\n<p style=\"text-align: justify;\">La Vicepresidenta del Colegio M\u00aa Jes\u00fas Bravo y el Decano de Extremadura Rafael Pag\u00e9s asistieron ayer 14 de junio, a la gala de entrega de los premios \u00abEmpresario Extreme\u00f1o del A\u00f1o\u00bb que organiz\u00f3 el Peri\u00f3dico Extremadura en C\u00e1ceres. Durante el evento se entreg\u00f3 el especial EMPRESARIO EXTREME\u00d1O que contiene el art\u00edculo \u00abRadiograf\u00eda de la Construcci\u00f3n \u00bb escrito por nuestro Decano.<\/p>\n<p><a href=\"http:\/\/extremaduracitopic.com\/wp-content\/uploads\/2018\/06\/Art\u00edculo-Especial-Empresas.pdf\" target=\"_blank\" rel=\"noopener\"><img decoding=\"async\" loading=\"lazy\" class=\"aligncenter wp-image-624 size-medium\" src=\"http:\/\/extremaduracitopic.com\/wp-content\/uploads\/2018\/06\/Art\u00edculo-227x300.jpg\" alt=\"\" width=\"227\" height=\"300\" srcset=\"https:\/\/extremaduracitopic.com\/wp-content\/uploads\/2018\/06\/Art\u00edculo-227x300.jpg 227w, https:\/\/extremaduracitopic.com\/wp-content\/uploads\/2018\/06\/Art\u00edculo.jpg 639w\" sizes=\"(max-width: 227px) 100vw, 227px\" \/><\/a><\/p>\n","protected":false},"excerpt":{"rendered":"<p>&nbsp; La Vicepresidenta del Colegio M\u00aa Jes\u00fas Bravo y el Decano de Extremadura Rafael Pag\u00e9s asistieron ayer 14 de junio, a la gala de entrega de los premios \u00abEmpresario Extreme\u00f1o del A\u00f1o\u00bb que organiz\u00f3 el Peri\u00f3dico Extremadura en C\u00e1ceres. Durante el evento se entreg\u00f3 el especial EMPRESARIO EXTREME\u00d1O que contiene el art\u00edculo \u00abRadiograf\u00eda de la [&hellip;]<\/p>\n","protected":false},"author":2,"featured_media":623,"comment_status":"open","ping_status":"open","sticky":false,"template":"","format":"standard","meta":{"jetpack_post_was_ever_published":false,"jetpack_publicize_message":"","jetpack_is_tweetstorm":false,"jetpack_publicize_feature_enabled":true,"jetpack_social_post_already_shared":true,"jetpack_social_options":{"image_generator_settings":{"template":"highway","enabled":false}}},"categories":[3],"tags":[],"jetpack_publicize_connections":[],"jetpack_featured_media_url":"https:\/\/extremaduracitopic.com\/wp-content\/uploads\/2018\/06\/EmpresarioExtreme\u00f1odelA\u00f1o.jpeg","jetpack_sharing_enabled":true,"jetpack_shortlink":"https:\/\/wp.me\/s9MqsF-622","_links":{"self":[{"href":"https:\/\/extremaduracitopic.com\/index.php?rest_route=\/wp\/v2\/posts\/622"}],"collection":[{"href":"https:\/\/extremaduracitopic.com\/index.php?rest_route=\/wp\/v2\/posts"}],"about":[{"href":"https:\/\/extremaduracitopic.com\/index.php?rest_route=\/wp\/v2\/types\/post"}],"author":[{"embeddable":true,"href":"https:\/\/extremaduracitopic.com\/index.php?rest_route=\/wp\/v2\/users\/2"}],"replies":[{"embeddable":true,"href":"https:\/\/extremaduracitopic.com\/index.php?rest_route=%2Fwp%2Fv2%2Fcomments&post=622"}],"version-history":[{"count":2,"href":"https:\/\/extremaduracitopic.com\/index.php?rest_route=\/wp\/v2\/posts\/622\/revisions"}],"predecessor-version":[{"id":627,"href":"https:\/\/extremaduracitopic.com\/index.php?rest_route=\/wp\/v2\/posts\/622\/revisions\/627"}],"wp:featuredmedia":[{"embeddable":true,"href":"https:\/\/extremaduracitopic.com\/index.php?rest_route=\/wp\/v2\/media\/623"}],"wp:attachment":[{"href":"https:\/\/extremaduracitopic.com\/index.php?rest_route=%2Fwp%2Fv2%2Fmedia&parent=622"}],"wp:term":[{"taxonomy":"category","embeddable":true,"href":"https:\/\/extremaduracitopic.com\/index.php?rest_route=%2Fwp%2Fv2%2Fcategories&post=622"},{"taxonomy":"post_tag","embeddable":true,"href":"https:\/\/extremaduracitopic.com\/index.php?rest_route=%2Fwp%2Fv2%2Ftags&post=622"}],"curies":[{"name":"wp","href":"https:\/\/api.w.org\/{rel}","templated":true}]}}