{"id":642,"date":"2018-08-10T10:43:04","date_gmt":"2018-08-10T10:43:04","guid":{"rendered":"http:\/\/extremaduracitopic.com\/?p=642"},"modified":"2018-08-10T10:43:47","modified_gmt":"2018-08-10T10:43:47","slug":"nuevo-reglamento-de-accesibilidad-universal","status":"publish","type":"post","link":"https:\/\/extremaduracitopic.com\/?p=642","title":{"rendered":"NUEVO REGLAMENTO DE ACCESIBILIDAD UNIVERSAL"},"content":{"rendered":"<p><a href=\"http:\/\/extremaduracitopic.com\/wp-content\/uploads\/2018\/08\/accesibilidad-1.jpg\"><img decoding=\"async\" loading=\"lazy\" class=\"aligncenter size-full wp-image-644\" src=\"http:\/\/extremaduracitopic.com\/wp-content\/uploads\/2018\/08\/accesibilidad-1.jpg\" alt=\"\" width=\"752\" height=\"383\" srcset=\"https:\/\/extremaduracitopic.com\/wp-content\/uploads\/2018\/08\/accesibilidad-1.jpg 752w, https:\/\/extremaduracitopic.com\/wp-content\/uploads\/2018\/08\/accesibilidad-1-300x153.jpg 300w\" sizes=\"(max-width: 752px) 100vw, 752px\" \/><\/a><\/p>\n<p style=\"text-align: justify;\">En el d\u00eda de hoy aparece publicado en el <a href=\"http:\/\/doe.gobex.es\/pdfs\/doe\/2018\/1550o\/18040155.pdf\" target=\"_blank\" rel=\"noopener\">DOE<\/a> el DECRETO 135\/2018, de 1 de agosto, por el que se aprueba el Reglamento que regula las normas de accesibilidad universal en la edificaci\u00f3n, espacios p\u00fablicos urbanizados, espacios p\u00fablicos naturales y el transporte en la Comunidad Aut\u00f3noma de Extremadura.<\/p>\n<p style=\"text-align: justify;\">El presente decreto consta de un art\u00edculo \u00fanico, por el que se aprueba el reglamento que regula las condiciones de accesibilidad universal en la edificaci\u00f3n, los espacios p\u00fablicos urbanizados, los espacios p\u00fablicos naturales, el transporte, la comunicaci\u00f3n y bienes y servicios en la Comunidad Aut\u00f3noma de Extremadura, adem\u00e1s de tres disposiciones adicionales, una disposici\u00f3n transitoria, una disposici\u00f3n derogatoria y tres disposiciones finales.<br \/>\nEl texto del reglamento, se estructura en un T\u00edtulo Preliminar y seis T\u00edtulos m\u00e1s, que contienen 71 art\u00edculos, para terminar con un Anexo que incorpora un Glosario de t\u00e9rminos, donde se incluyen las definiciones que complementar\u00e1n la normativa de accesibilidad aplicable.<br \/>\nEl T\u00edtulo preliminar regula las Disposiciones Generales.<br \/>\nEl T\u00edtulo I, denominado Disposiciones Comunes, en el que se recoge las disposiciones comunes.<br \/>\nEl T\u00edtulo II, Apoyo animal que comprende las normas relativas al apoyo animal.<br \/>\nEl T\u00edtulo III, sobre Se\u00f1alizaci\u00f3n y comunicaci\u00f3n, que engloba las exigencias relativas a se\u00f1alizaci\u00f3n y comunicaci\u00f3n.<br \/>\nEl Titulo IV, sobre Accesibilidad en la edificaci\u00f3n, se divide en dos Cap\u00edtulos, uno sobre disposiciones generales y otro sobre caracter\u00edsticas y dotaci\u00f3n de elementos accesibles.<br \/>\nEl T\u00edtulo V, destinado a la Accesibilidad en los espacios p\u00fablicos urbanizados y naturales, se estructura en dos Cap\u00edtulos, el primero relativo a la accesibilidad en espacios p\u00fablicos urbanizados, y el segundo dedicado a espacios p\u00fablicos naturales.<br \/>\nEl T\u00edtulo VI, relativo a la Accesibilidad en el transporte, se divide en dos Cap\u00edtulos, el primero dedicado al transporte p\u00fablico, y el segundo al transporte privado.<\/p>\n<p style=\"text-align: center;\"><a href=\"http:\/\/doe.gobex.es\/pdfs\/doe\/2018\/1550o\/18040155.pdf\" target=\"_blank\" rel=\"noopener\">http:\/\/doe.gobex.es\/pdfs\/doe\/2018\/1550o\/18040155.pdf<\/a><\/p>\n","protected":false},"excerpt":{"rendered":"<p>En el d\u00eda de hoy aparece publicado en el DOE el DECRETO 135\/2018, de 1 de agosto, por el que se aprueba el Reglamento que regula las normas de accesibilidad universal en la edificaci\u00f3n, espacios p\u00fablicos urbanizados, espacios p\u00fablicos naturales y el transporte en la Comunidad Aut\u00f3noma de Extremadura. El presente decreto consta de un [&hellip;]<\/p>\n","protected":false},"author":2,"featured_media":643,"comment_status":"open","ping_status":"open","sticky":false,"template":"","format":"standard","meta":{"jetpack_post_was_ever_published":false,"jetpack_publicize_message":"","jetpack_is_tweetstorm":false,"jetpack_publicize_feature_enabled":true,"jetpack_social_post_already_shared":true,"jetpack_social_options":{"image_generator_settings":{"template":"highway","enabled":false}}},"categories":[27,3],"tags":[],"jetpack_publicize_connections":[],"jetpack_featured_media_url":"https:\/\/extremaduracitopic.com\/wp-content\/uploads\/2018\/08\/accesibilidad-universal_web_3_2.jpg","jetpack_sharing_enabled":true,"jetpack_shortlink":"https:\/\/wp.me\/p9MqsF-am","_links":{"self":[{"href":"https:\/\/extremaduracitopic.com\/index.php?rest_route=\/wp\/v2\/posts\/642"}],"collection":[{"href":"https:\/\/extremaduracitopic.com\/index.php?rest_route=\/wp\/v2\/posts"}],"about":[{"href":"https:\/\/extremaduracitopic.com\/index.php?rest_route=\/wp\/v2\/types\/post"}],"author":[{"embeddable":true,"href":"https:\/\/extremaduracitopic.com\/index.php?rest_route=\/wp\/v2\/users\/2"}],"replies":[{"embeddable":true,"href":"https:\/\/extremaduracitopic.com\/index.php?rest_route=%2Fwp%2Fv2%2Fcomments&post=642"}],"version-history":[{"count":2,"href":"https:\/\/extremaduracitopic.com\/index.php?rest_route=\/wp\/v2\/posts\/642\/revisions"}],"predecessor-version":[{"id":646,"href":"https:\/\/extremaduracitopic.com\/index.php?rest_route=\/wp\/v2\/posts\/642\/revisions\/646"}],"wp:featuredmedia":[{"embeddable":true,"href":"https:\/\/extremaduracitopic.com\/index.php?rest_route=\/wp\/v2\/media\/643"}],"wp:attachment":[{"href":"https:\/\/extremaduracitopic.com\/index.php?rest_route=%2Fwp%2Fv2%2Fmedia&parent=642"}],"wp:term":[{"taxonomy":"category","embeddable":true,"href":"https:\/\/extremaduracitopic.com\/index.php?rest_route=%2Fwp%2Fv2%2Fcategories&post=642"},{"taxonomy":"post_tag","embeddable":true,"href":"https:\/\/extremaduracitopic.com\/index.php?rest_route=%2Fwp%2Fv2%2Ftags&post=642"}],"curies":[{"name":"wp","href":"https:\/\/api.w.org\/{rel}","templated":true}]}}