{"id":818,"date":"2019-03-09T10:25:33","date_gmt":"2019-03-09T10:25:33","guid":{"rendered":"http:\/\/extremaduracitopic.com\/?p=818"},"modified":"2019-03-20T08:14:40","modified_gmt":"2019-03-20T08:14:40","slug":"xiv-certamen-de-fotografia-citopic-de-extremadura","status":"publish","type":"post","link":"https:\/\/extremaduracitopic.com\/?p=818","title":{"rendered":"XIV CERTAMEN DE FOTOGRAF\u00cdA CITOPIC DE EXTREMADURA"},"content":{"rendered":"\n<div class=\"wp-block-image\"><figure class=\"aligncenter\"><img decoding=\"async\" loading=\"lazy\" width=\"397\" height=\"559\" src=\"http:\/\/extremaduracitopic.com\/wp-content\/uploads\/2019\/03\/Certamen-2019.png\" alt=\"\" class=\"wp-image-820\" srcset=\"https:\/\/extremaduracitopic.com\/wp-content\/uploads\/2019\/03\/Certamen-2019.png 397w, https:\/\/extremaduracitopic.com\/wp-content\/uploads\/2019\/03\/Certamen-2019-213x300.png 213w\" sizes=\"(max-width: 397px) 100vw, 397px\" \/><\/figure><\/div>\n\n\n\n<p>El Colegio de Ingenieros T\u00e9cnicos de Obras P\u00fablicas e ingenieros Civiles de Extremadura convoca el XVI Concurso de Fotograf\u00eda CITOPIC EXTREMADURA.<\/p>\n\n\n\n<p>Podr\u00e1n participar Ingenieros T\u00e9cnicos de Obras P\u00fablicas y\/o Ingenieros civiles de la Zona de Extremadura colegiados, sus familiares de primer grado, y pre colegiados en titulaciones de grado de Ingenier\u00eda Civil de la Escuela Polit\u00e9cnica de la UEX.<\/p>\n\n\n\n<p>Para poder participar, los Colegiados, deben estar al corriente de las cuotas o haber informado de estar exentos del pago de las mismas.<\/p>\n\n\n\n<p>La Tem\u00e1tica es \u00bb El Lado Humano de la Obra Civil \u00ab.<\/p>\n\n\n\n<p>Este a\u00f1o, debido a la magn\u00edfica experiencia que tuvo el ganador del a\u00f1o pasado, se ha decido repetir el primero, y que los dem\u00e1s premios sean:<br>  <br>1\u00ba Premio: Noche Hotel + Men\u00fa degustaci\u00f3n para dos personas en Atrio (sin vino ni desayuno).&nbsp;<br>2\u00ba Premio: Men\u00fa comida\/cena para dos personas en Atrio (sin vino).<br>3\u00ba Premio: Desayuno&nbsp;para dos personas en Atrio. <\/p>\n\n\n\n<p>Consulta las Bases en el siguiente enlace y participa!!!<\/p>\n\n\n\n<ul><li><a rel=\"noreferrer noopener\" aria-label=\"Bases del Certamen (opens in a new tab)\" href=\"https:\/\/drive.google.com\/file\/d\/1_A1BlVIln5pj8tTF45fyUp8kd-U0y3tn\/view\" target=\"_blank\">Bases del Certamen<\/a><\/li><li><a href=\"https:\/\/drive.google.com\/file\/d\/18-gWLQQU69oGJ_ajTooizQeKxr5f4Brk\/view?ts=5c877f63\" target=\"_blank\" rel=\"noreferrer noopener\" aria-label=\"Formulario de Inscripci\u00f3n (opens in a new tab)\">Formulario de Inscripci\u00f3n<\/a><\/li><\/ul>\n","protected":false},"excerpt":{"rendered":"<p>El Colegio de Ingenieros T\u00e9cnicos de Obras P\u00fablicas e ingenieros Civiles de Extremadura convoca el XVI Concurso de Fotograf\u00eda CITOPIC EXTREMADURA. Podr\u00e1n participar Ingenieros T\u00e9cnicos de Obras P\u00fablicas y\/o Ingenieros civiles de la Zona de Extremadura colegiados, sus familiares de primer grado, y pre colegiados en titulaciones de grado de Ingenier\u00eda Civil de la Escuela [&hellip;]<\/p>\n","protected":false},"author":2,"featured_media":820,"comment_status":"open","ping_status":"open","sticky":false,"template":"","format":"standard","meta":{"jetpack_post_was_ever_published":false,"jetpack_publicize_message":"","jetpack_is_tweetstorm":false,"jetpack_publicize_feature_enabled":true,"jetpack_social_post_already_shared":true,"jetpack_social_options":{"image_generator_settings":{"template":"highway","enabled":false}}},"categories":[5,23],"tags":[32,30,35,33,34],"jetpack_publicize_connections":[],"jetpack_featured_media_url":"https:\/\/extremaduracitopic.com\/wp-content\/uploads\/2019\/03\/Certamen-2019.png","jetpack_sharing_enabled":true,"jetpack_shortlink":"https:\/\/wp.me\/p9MqsF-dc","_links":{"self":[{"href":"https:\/\/extremaduracitopic.com\/index.php?rest_route=\/wp\/v2\/posts\/818"}],"collection":[{"href":"https:\/\/extremaduracitopic.com\/index.php?rest_route=\/wp\/v2\/posts"}],"about":[{"href":"https:\/\/extremaduracitopic.com\/index.php?rest_route=\/wp\/v2\/types\/post"}],"author":[{"embeddable":true,"href":"https:\/\/extremaduracitopic.com\/index.php?rest_route=\/wp\/v2\/users\/2"}],"replies":[{"embeddable":true,"href":"https:\/\/extremaduracitopic.com\/index.php?rest_route=%2Fwp%2Fv2%2Fcomments&post=818"}],"version-history":[{"count":2,"href":"https:\/\/extremaduracitopic.com\/index.php?rest_route=\/wp\/v2\/posts\/818\/revisions"}],"predecessor-version":[{"id":860,"href":"https:\/\/extremaduracitopic.com\/index.php?rest_route=\/wp\/v2\/posts\/818\/revisions\/860"}],"wp:featuredmedia":[{"embeddable":true,"href":"https:\/\/extremaduracitopic.com\/index.php?rest_route=\/wp\/v2\/media\/820"}],"wp:attachment":[{"href":"https:\/\/extremaduracitopic.com\/index.php?rest_route=%2Fwp%2Fv2%2Fmedia&parent=818"}],"wp:term":[{"taxonomy":"category","embeddable":true,"href":"https:\/\/extremaduracitopic.com\/index.php?rest_route=%2Fwp%2Fv2%2Fcategories&post=818"},{"taxonomy":"post_tag","embeddable":true,"href":"https:\/\/extremaduracitopic.com\/index.php?rest_route=%2Fwp%2Fv2%2Ftags&post=818"}],"curies":[{"name":"wp","href":"https:\/\/api.w.org\/{rel}","templated":true}]}}