{"id":891,"date":"2019-03-28T18:02:01","date_gmt":"2019-03-28T18:02:01","guid":{"rendered":"https:\/\/extremaduracitopic.com\/?p=891"},"modified":"2019-03-28T18:03:26","modified_gmt":"2019-03-28T18:03:26","slug":"el-citopic-se-adhiere-a-la-declaracion-de-davos","status":"publish","type":"post","link":"https:\/\/extremaduracitopic.com\/?p=891","title":{"rendered":"EL CITOPIC SE ADHIERE A LA DECLARACI\u00d3N DE DAVOS"},"content":{"rendered":"\n<ul class=\"wp-block-gallery columns-3 is-cropped wp-block-gallery-1 is-layout-flex\"><li class=\"blocks-gallery-item\"><figure><img decoding=\"async\" loading=\"lazy\" width=\"960\" height=\"720\" src=\"https:\/\/extremaduracitopic.com\/wp-content\/uploads\/2019\/03\/foto1-1.jpg\" alt=\"\" data-id=\"892\" data-link=\"https:\/\/extremaduracitopic.com\/?attachment_id=892\" class=\"wp-image-892\" srcset=\"https:\/\/extremaduracitopic.com\/wp-content\/uploads\/2019\/03\/foto1-1.jpg 960w, https:\/\/extremaduracitopic.com\/wp-content\/uploads\/2019\/03\/foto1-1-300x225.jpg 300w, https:\/\/extremaduracitopic.com\/wp-content\/uploads\/2019\/03\/foto1-1-768x576.jpg 768w\" sizes=\"(max-width: 960px) 100vw, 960px\" \/><\/figure><\/li><li class=\"blocks-gallery-item\"><figure><img decoding=\"async\" loading=\"lazy\" width=\"272\" height=\"365\" src=\"https:\/\/extremaduracitopic.com\/wp-content\/uploads\/2019\/03\/foto2-1.jpg\" alt=\"\" data-id=\"893\" data-link=\"https:\/\/extremaduracitopic.com\/?attachment_id=893\" class=\"wp-image-893\" srcset=\"https:\/\/extremaduracitopic.com\/wp-content\/uploads\/2019\/03\/foto2-1.jpg 272w, https:\/\/extremaduracitopic.com\/wp-content\/uploads\/2019\/03\/foto2-1-224x300.jpg 224w\" sizes=\"(max-width: 272px) 100vw, 272px\" \/><\/figure><\/li><li class=\"blocks-gallery-item\"><figure><img decoding=\"async\" loading=\"lazy\" width=\"960\" height=\"720\" src=\"https:\/\/extremaduracitopic.com\/wp-content\/uploads\/2019\/03\/foto3-1.jpg\" alt=\"\" data-id=\"894\" data-link=\"https:\/\/extremaduracitopic.com\/?attachment_id=894\" class=\"wp-image-894\" srcset=\"https:\/\/extremaduracitopic.com\/wp-content\/uploads\/2019\/03\/foto3-1.jpg 960w, https:\/\/extremaduracitopic.com\/wp-content\/uploads\/2019\/03\/foto3-1-300x225.jpg 300w, https:\/\/extremaduracitopic.com\/wp-content\/uploads\/2019\/03\/foto3-1-768x576.jpg 768w\" sizes=\"(max-width: 960px) 100vw, 960px\" \/><\/figure><\/li><\/ul>\n\n\n\n<p> Representantes de 27 organismos p\u00fablicos y privados han firmado ayer, su adhesi\u00f3n a la Declaraci\u00f3n de Davos, para promover la calidad del entorno construido y su sostenibilidad. Entre ellos nuestro colegio\u00a0<a href=\"https:\/\/www.facebook.com\/Extremadura-Citopic-130448603805582\/?__tn__=K-R&amp;eid=ARDIoE3tde4tgWsQjGlVlSqAd6ctqIBgHBAM2Tazm2daCi6Mquv-YP8aasSS7shRL1_lW_-wM7NY5Tyc&amp;fref=mentions&amp;__xts__%5B0%5D=68.ARDJBOygzE7KTuaoV7pEu651TVBCj6w2m8961dSgh0Fd2nWOFRZoIiRsJvPqdnHGpsjALsi5_uPSWQUwdc0CWYMVQghbeo42sGvRWDV4GyI9MiNxeaoKeF-Ogf9CCW6izmW2X-9hu8zXODOftBAYwfoRivepbx9xohH9WCRmySPoG8RSZY_neCpkKw00mFDjW2xpDv3BsOpB4kBeUx-j_YuZFAk0evt-dP1v3F5HjOZEtGeQALufkUOIkp9P0fMWEgsYzCf1AVX6YbJwZpPzKyC71dY46jXtUEiogOhqhrTK4QLQmyjAnaABuo_s9GM91q41g5tSxpbedb5pBYZUtOYnyg\" target=\"_blank\" rel=\"noreferrer noopener\" aria-label=\" (opens in a new tab)\">Extremadura Citopic<\/a>.<br>La Declaraci\u00f3n de Davos, aprobada bajo la denominaci\u00f3n de Baukultur (la cultura del habitar), es un proyecto decisivo para la defensa del patrimonio cultural y para potenciar el v\u00ednculo entre las personas, creando \u00absociedades m\u00e1s cohesionadas\u00bb.<br>La relaci\u00f3n de instituciones firmantes fueron: La Junta de Extremadura, Asamblea de Extremadura, Grupo parlamentario PP, Grupo parlamentario PSOE-SIEX, Grupo parlamentario Podemos, Grupo parlamentario Mixto, Diputaci\u00f3n de Badajoz, Diputaci\u00f3n de C\u00e1ceres, FEMPEX, UGT, CC.OO., CREEX, Fundaci\u00f3n Caja Badajoz, Fundaci\u00f3n Caja Extremadura, Ordem Dos Arquitectos, Consejo COAAT, Consejo ICCP, Colegio Ingenieros T\u00e9cnicos de Obras P\u00fablicas e Ingenieros Civiles, C\u00e1mara de Comercio de C\u00e1ceres, CERMI, Ateneo de C\u00e1ceres, COADE.<\/p>\n","protected":false},"excerpt":{"rendered":"<p>Representantes de 27 organismos p\u00fablicos y privados han firmado ayer, su adhesi\u00f3n a la Declaraci\u00f3n de Davos, para promover la calidad del entorno construido y su sostenibilidad. Entre ellos nuestro colegio\u00a0Extremadura Citopic.La Declaraci\u00f3n de Davos, aprobada bajo la denominaci\u00f3n de Baukultur (la cultura del habitar), es un proyecto decisivo para la defensa del patrimonio cultural [&hellip;]<\/p>\n","protected":false},"author":2,"featured_media":892,"comment_status":"open","ping_status":"open","sticky":false,"template":"","format":"standard","meta":{"jetpack_post_was_ever_published":false,"jetpack_publicize_message":"","jetpack_is_tweetstorm":false,"jetpack_publicize_feature_enabled":true,"jetpack_social_post_already_shared":true,"jetpack_social_options":{"image_generator_settings":{"template":"highway","enabled":false}}},"categories":[3],"tags":[30,39],"jetpack_publicize_connections":[],"jetpack_featured_media_url":"https:\/\/extremaduracitopic.com\/wp-content\/uploads\/2019\/03\/foto1-1.jpg","jetpack_sharing_enabled":true,"jetpack_shortlink":"https:\/\/wp.me\/p9MqsF-en","_links":{"self":[{"href":"https:\/\/extremaduracitopic.com\/index.php?rest_route=\/wp\/v2\/posts\/891"}],"collection":[{"href":"https:\/\/extremaduracitopic.com\/index.php?rest_route=\/wp\/v2\/posts"}],"about":[{"href":"https:\/\/extremaduracitopic.com\/index.php?rest_route=\/wp\/v2\/types\/post"}],"author":[{"embeddable":true,"href":"https:\/\/extremaduracitopic.com\/index.php?rest_route=\/wp\/v2\/users\/2"}],"replies":[{"embeddable":true,"href":"https:\/\/extremaduracitopic.com\/index.php?rest_route=%2Fwp%2Fv2%2Fcomments&post=891"}],"version-history":[{"count":2,"href":"https:\/\/extremaduracitopic.com\/index.php?rest_route=\/wp\/v2\/posts\/891\/revisions"}],"predecessor-version":[{"id":897,"href":"https:\/\/extremaduracitopic.com\/index.php?rest_route=\/wp\/v2\/posts\/891\/revisions\/897"}],"wp:featuredmedia":[{"embeddable":true,"href":"https:\/\/extremaduracitopic.com\/index.php?rest_route=\/wp\/v2\/media\/892"}],"wp:attachment":[{"href":"https:\/\/extremaduracitopic.com\/index.php?rest_route=%2Fwp%2Fv2%2Fmedia&parent=891"}],"wp:term":[{"taxonomy":"category","embeddable":true,"href":"https:\/\/extremaduracitopic.com\/index.php?rest_route=%2Fwp%2Fv2%2Fcategories&post=891"},{"taxonomy":"post_tag","embeddable":true,"href":"https:\/\/extremaduracitopic.com\/index.php?rest_route=%2Fwp%2Fv2%2Ftags&post=891"}],"curies":[{"name":"wp","href":"https:\/\/api.w.org\/{rel}","templated":true}]}}